{"id":3607,"date":"2021-02-03T13:24:00","date_gmt":"2021-02-03T12:24:00","guid":{"rendered":"https:\/\/www.prokw.ch\/success-story\/programme-alledin\/"},"modified":"2024-07-10T14:43:56","modified_gmt":"2024-07-10T12:43:56","slug":"il-programma-alledin","status":"publish","type":"success-story","link":"https:\/\/www.prokw.ch\/it\/success-story\/il-programma-alledin\/","title":{"rendered":"Il programma \u00aballedin\u00bb"},"content":{"rendered":"\t\t<div data-elementor-type=\"wp-post\" data-elementor-id=\"3607\" class=\"elementor elementor-3607 elementor-3592\" data-elementor-post-type=\"success-story\">\n\t\t\t\t<div data-particle_enable=\"false\" data-particle-mobile-disabled=\"false\" class=\"elementor-element elementor-element-01351df e-flex e-con-boxed e-con e-parent\" data-id=\"01351df\" data-element_type=\"container\" data-e-type=\"container\">\n\t\t\t\t\t<div class=\"e-con-inner\">\n\t\t\t\t<div class=\"elementor-element elementor-element-38b647e elementor-widget elementor-widget-text-editor\" data-id=\"38b647e\" data-element_type=\"widget\" data-e-type=\"widget\" data-widget_type=\"text-editor.default\">\n\t\t\t\t<div class=\"elementor-widget-container\">\n\t\t\t\t\t\t\t\t\t<div class=\"wpb_text_column wpb_content_element \"><div class=\"wpb_wrapper\"><div class=\"wpb_text_column wpb_content_element \"><div class=\"wpb_wrapper\"><div class=\"wpb_text_column wpb_content_element \"><div class=\"wpb_wrapper\"><div class=\"wpb_text_column wpb_content_element \"><div class=\"wpb_wrapper\"><p>Le lampadine alogene sono poco efficienti: solo il 7% dell\u2019elettricit\u00e0 viene convertito in luce, il resto si disperde in calore. Le lampadine a LED, invece, trasformano in luce il 25-30% dell\u2019energia elettrica fornita. Secondo la guida di\u00a0SvizzeraEnergia\u00a0\u00abIlluminazione efficiente nelle economie domestiche\u00bb, \u00abuna lampada a stelo a irraggiamento indiretto con lampadina alogena da 300 watt consuma, in un anno, tanto quanto un frigorifero\u00bb. A parit\u00e0 di potenza, una lampadina a LED emette una maggiore quantit\u00e0 di luce rispetto a un modello alogeno. Ad esempio, una lampada a LED da 40 a 50 watt pu\u00f2 emettere la medesima quantit\u00e0 di luce di una lampada con lampadina alogena da 300 watt.<\/p><p>Dal 1\u00b0 settembre 2018, diverse lampadine alogene sono vietate sul mercato europeo. Alcune per\u00f2, come le lampadine alogene lineari con attacco R7, sono autorizzate poich\u00e9 sono difficilmente sostituibili con i prodotti a LED disponibili in commercio. Le alternative a LED non offrono la stessa qualit\u00e0: ad esempio, non producono la stessa quantit\u00e0 di luce, fanno rumore o sono troppo grandi per l\u2019apparecchio d\u2019illuminazione. In questi casi, se si vuole puntare sull\u2019efficienza energetica, bisogna acquistare un nuovo apparecchio d\u2019illuminazione con tecnologia a LED.<\/p><\/div><\/div><div class=\"vc_empty_space\">\u00a0<\/div><h4 class=\"vc_custom_heading\">Un risparmio energetico del 90%!<\/h4><div class=\"wpb_text_column wpb_content_element \"><div class=\"wpb_wrapper\"><p>\u00c8 qui che interviene il programma\u00a0\u00aballedin\u00bb. Per convincere i privati a dire addio alle lampade a stelo alogene, \u00aballedin\u00bb rimborsa fino al 40% del prezzo di acquisto di una nuova lampada a LED (max. CHF 125.\u2013). Sostituendo le vecchie lampade alogene con nuovi modelli a LED, \u00e8 possibile ridurre il consumo di elettricit\u00e0 di circa il 90%.<\/p><p>Il programma \u00aballedin\u00bb, sostenuto da ProKilowatt, mira a ottenere un risparmio di elettricit\u00e0 pari a 9330 MWh all\u2019anno. Ci\u00f2 equivale all\u2019eliminazione di circa 30 000 lampade a stelo, ovvero a un risparmio medio di 311 kWh all\u2019anno per ogni lampada. Nell\u2019arco di cinque mesi, il programma \u00aballedin\u00bb ha gi\u00e0 sovvenzionato 1300 apparecchi d\u2019illuminazione presenti in abitazioni private.<\/p><\/div><\/div><\/div><\/div><\/div><\/div><\/div><\/div>\t\t\t\t\t\t\t\t<\/div>\n\t\t\t\t<\/div>\n\t\t\t\t<div class=\"elementor-element elementor-element-fca8a53 elementor-widget elementor-widget-image\" data-id=\"fca8a53\" data-element_type=\"widget\" data-e-type=\"widget\" data-widget_type=\"image.default\">\n\t\t\t\t<div class=\"elementor-widget-container\">\n\t\t\t\t\t\t\t\t\t\t\t\t\t\t\t<img fetchpriority=\"high\" decoding=\"async\" width=\"768\" height=\"213\" src=\"https:\/\/www.prokw.ch\/wp-content\/uploads\/2023\/11\/21-768x213.png\" class=\"attachment-medium_large size-medium_large wp-image-233\" alt=\"alledin\" srcset=\"https:\/\/www.prokw.ch\/wp-content\/uploads\/2023\/11\/21-768x213.png 768w, https:\/\/www.prokw.ch\/wp-content\/uploads\/2023\/11\/21-1024x284.png 1024w\" sizes=\"(max-width: 768px) 100vw, 768px\" \/>\t\t\t\t\t\t\t\t\t\t\t\t\t\t\t<\/div>\n\t\t\t\t<\/div>\n\t\t\t\t<div class=\"elementor-element elementor-element-f874ffe elementor-widget elementor-widget-text-editor\" data-id=\"f874ffe\" data-element_type=\"widget\" data-e-type=\"widget\" data-widget_type=\"text-editor.default\">\n\t\t\t\t<div class=\"elementor-widget-container\">\n\t\t\t\t\t\t\t\t\t<div class=\"wpb_text_column wpb_content_element \"><div class=\"wpb_wrapper\"><div class=\"wpb_text_column wpb_content_element \"><div class=\"wpb_wrapper\"><div class=\"wpb_text_column wpb_content_element \"><div class=\"wpb_wrapper\"><div class=\"wpb_text_column wpb_content_element \"><div class=\"wpb_wrapper\">\u00a0<\/div><\/div><div class=\"wpb_text_column wpb_content_element \"><div class=\"wpb_wrapper\"><h4>Un programma digitalizzato<\/h4><\/div><\/div><\/div><\/div><div class=\"wpb_text_column wpb_content_element \"><div class=\"wpb_wrapper\"><p>Per promuovere la sostituzione degli apparecchi d\u2019illuminazione dotati di lampadine alogene lineari con attacco R7, \u00aballedin\u00bb ha semplificato la procedura di sovvenzione, rendendola completamente digitale. \u00c8 sufficiente documentare con una fotografia il momento in cui la vecchia lampada alogena viene smaltita in un punto di raccolta o in un negozio specializzato e conservare lo scontrino di acquisto della nuova lampada a LED. Per avere diritto alla sovvenzione, il prezzo deve essere superiore a CHF 125.\u2013. Dopodich\u00e9 basta collegarsi al sito alledin.ch, caricare la fotografia e lo scontrino e compilare il modulo di richiesta. La digitalizzazione offre anche un importante vantaggio, in quanto permette di ridurre al minimo il lavoro amministrativo e di dedicare pi\u00f9 risorse all\u2019innovazione e alla promozione del programma.<\/p><\/div><\/div><\/div><\/div><\/div><\/div>\t\t\t\t\t\t\t\t<\/div>\n\t\t\t\t<\/div>\n\t\t\t\t<div class=\"elementor-element elementor-element-11b91f7 elementor-widget elementor-widget-text-editor\" data-id=\"11b91f7\" data-element_type=\"widget\" data-e-type=\"widget\" data-widget_type=\"text-editor.default\">\n\t\t\t\t<div class=\"elementor-widget-container\">\n\t\t\t\t\t\t\t\t\t<div class=\"wpb_text_column wpb_content_element \"><div class=\"wpb_wrapper\"><div class=\"wpb_text_column wpb_content_element \"><div class=\"wpb_wrapper\"><p><strong>Anche voi desiderate realizzare un programma ProKilowatt?<\/strong>\u00a0<a href=\"https:\/\/www.prokw.ch\/it\/presentare-un-programma\/\">Cliccate qui sotto per conoscere la procedura di presentazione della domanda<\/a><\/p><\/div><\/div><\/div><\/div>\t\t\t\t\t\t\t\t<\/div>\n\t\t\t\t<\/div>\n\t\t\t\t\t<\/div>\n\t\t\t\t<\/div>\n\t\t\t\t<\/div>\n\t\t","protected":false},"excerpt":{"rendered":"<p>Programma completato.<br \/>\nIl programma \u00aballedin\u00bb, sostenuto da ProKilowatt, mira a promuovere la sostituzione di lampade a stelo alogene con nuovi ed efficienti modelli a LED. Per convincere privati e imprese a dire addio alle vecchie lampade alogene, \u00aballedin\u00bb rimborsa fino al 40% del prezzo di acquisto di una nuova lampada a LED (max. CHF 125.\u2013).<\/p>\n","protected":false},"author":2,"featured_media":365,"menu_order":5,"comment_status":"closed","ping_status":"closed","template":"","format":"standard","meta":{"_acf_changed":false,"footnotes":""},"categories":[75],"tags":[87],"class_list":["post-3607","success-story","type-success-story","status-publish","format-standard","has-post-thumbnail","hentry","category-programmi","tag-illuminazione"],"acf":[],"yoast_head":"<!-- This site is optimized with the Yoast SEO plugin v27.0 - https:\/\/yoast.com\/product\/yoast-seo-wordpress\/ -->\n<title>Il programma \u00aballedin\u00bb - ProKilowatt<\/title>\n<meta name=\"description\" content=\"Il programma \u00aballedin\u00bb, sostenuto da ProKilowatt, mira a promuovere la sostituzione di lampade a stelo alogene con nuovi ed efficienti modelli a LED.\" \/>\n<meta name=\"robots\" content=\"index, follow, max-snippet:-1, max-image-preview:large, max-video-preview:-1\" \/>\n<link rel=\"canonical\" href=\"https:\/\/www.prokw.ch\/it\/success-story\/il-programma-alledin\/\" \/>\n<meta property=\"og:locale\" content=\"it_IT\" \/>\n<meta property=\"og:type\" content=\"article\" \/>\n<meta property=\"og:title\" content=\"Il programma \u00aballedin\u00bb\" \/>\n<meta property=\"og:description\" content=\"Il programma \u00aballedin\u00bb, sostenuto da ProKilowatt, mira a promuovere la sostituzione di lampade a stelo alogene con nuovi ed efficienti modelli a LED.\" \/>\n<meta property=\"og:url\" content=\"https:\/\/www.prokw.ch\/it\/success-story\/il-programma-alledin\/\" \/>\n<meta property=\"og:site_name\" content=\"ProKilowatt\" \/>\n<meta property=\"article:modified_time\" content=\"2024-07-10T12:43:56+00:00\" \/>\n<meta property=\"og:image\" content=\"https:\/\/www.prokw.ch\/wp-content\/uploads\/2023\/11\/alledin_Banner_240x140px_x3_defrit.png\" \/>\n\t<meta property=\"og:image:width\" content=\"720\" \/>\n\t<meta property=\"og:image:height\" content=\"420\" \/>\n\t<meta property=\"og:image:type\" content=\"image\/png\" \/>\n<meta name=\"twitter:card\" content=\"summary_large_image\" \/>\n<meta name=\"twitter:title\" content=\"Il programma \u00aballedin\u00bb\" \/>\n<meta name=\"twitter:description\" content=\"Il programma \u00aballedin\u00bb, sostenuto da ProKilowatt, mira a promuovere la sostituzione di lampade a stelo alogene con nuovi ed efficienti modelli a LED.\" \/>\n<meta name=\"twitter:image\" content=\"https:\/\/www.prokw.ch\/wp-content\/uploads\/2023\/11\/alledin_Banner_240x140px_x3_defrit.png\" \/>\n<meta name=\"twitter:label1\" content=\"Tempo di lettura stimato\" \/>\n\t<meta name=\"twitter:data1\" content=\"3 minuti\" \/>\n<script type=\"application\/ld+json\" class=\"yoast-schema-graph\">{\"@context\":\"https:\/\/schema.org\",\"@graph\":[{\"@type\":\"WebPage\",\"@id\":\"https:\/\/www.prokw.ch\/it\/success-story\/il-programma-alledin\/\",\"url\":\"https:\/\/www.prokw.ch\/it\/success-story\/il-programma-alledin\/\",\"name\":\"Il programma \u00aballedin\u00bb - ProKilowatt\",\"isPartOf\":{\"@id\":\"https:\/\/prokw.ismystar.ch\/#website\"},\"primaryImageOfPage\":{\"@id\":\"https:\/\/www.prokw.ch\/it\/success-story\/il-programma-alledin\/#primaryimage\"},\"image\":{\"@id\":\"https:\/\/www.prokw.ch\/it\/success-story\/il-programma-alledin\/#primaryimage\"},\"thumbnailUrl\":\"https:\/\/www.prokw.ch\/wp-content\/uploads\/2023\/11\/alledin_Banner_240x140px_x3_defrit.png\",\"datePublished\":\"2021-02-03T12:24:00+00:00\",\"dateModified\":\"2024-07-10T12:43:56+00:00\",\"description\":\"Il programma \u00aballedin\u00bb, sostenuto da ProKilowatt, mira a promuovere la sostituzione di lampade a stelo alogene con nuovi ed efficienti modelli a LED.\",\"breadcrumb\":{\"@id\":\"https:\/\/www.prokw.ch\/it\/success-story\/il-programma-alledin\/#breadcrumb\"},\"inLanguage\":\"it-IT\",\"potentialAction\":[{\"@type\":\"ReadAction\",\"target\":[\"https:\/\/www.prokw.ch\/it\/success-story\/il-programma-alledin\/\"]}]},{\"@type\":\"ImageObject\",\"inLanguage\":\"it-IT\",\"@id\":\"https:\/\/www.prokw.ch\/it\/success-story\/il-programma-alledin\/#primaryimage\",\"url\":\"https:\/\/www.prokw.ch\/wp-content\/uploads\/2023\/11\/alledin_Banner_240x140px_x3_defrit.png\",\"contentUrl\":\"https:\/\/www.prokw.ch\/wp-content\/uploads\/2023\/11\/alledin_Banner_240x140px_x3_defrit.png\",\"width\":720,\"height\":420,\"caption\":\"Programme Alledin\"},{\"@type\":\"BreadcrumbList\",\"@id\":\"https:\/\/www.prokw.ch\/it\/success-story\/il-programma-alledin\/#breadcrumb\",\"itemListElement\":[{\"@type\":\"ListItem\",\"position\":1,\"name\":\"Accueil\",\"item\":\"https:\/\/www.prokw.ch\/it\/\"},{\"@type\":\"ListItem\",\"position\":2,\"name\":\"Il programma \u00aballedin\u00bb\"}]},{\"@type\":\"WebSite\",\"@id\":\"https:\/\/prokw.ismystar.ch\/#website\",\"url\":\"https:\/\/prokw.ismystar.ch\/\",\"name\":\"ProKilowatt\",\"description\":\"\",\"publisher\":{\"@id\":\"https:\/\/prokw.ismystar.ch\/#organization\"},\"potentialAction\":[{\"@type\":\"SearchAction\",\"target\":{\"@type\":\"EntryPoint\",\"urlTemplate\":\"https:\/\/prokw.ismystar.ch\/?s={search_term_string}\"},\"query-input\":{\"@type\":\"PropertyValueSpecification\",\"valueRequired\":true,\"valueName\":\"search_term_string\"}}],\"inLanguage\":\"it-IT\"},{\"@type\":\"Organization\",\"@id\":\"https:\/\/prokw.ismystar.ch\/#organization\",\"name\":\"ProKilowatt\",\"url\":\"https:\/\/prokw.ismystar.ch\/\",\"logo\":{\"@type\":\"ImageObject\",\"inLanguage\":\"it-IT\",\"@id\":\"https:\/\/prokw.ismystar.ch\/#\/schema\/logo\/image\/\",\"url\":\"https:\/\/www.prokw.ch\/wp-content\/uploads\/2023\/11\/prokw-logo.png\",\"contentUrl\":\"https:\/\/www.prokw.ch\/wp-content\/uploads\/2023\/11\/prokw-logo.png\",\"width\":503,\"height\":121,\"caption\":\"ProKilowatt\"},\"image\":{\"@id\":\"https:\/\/prokw.ismystar.ch\/#\/schema\/logo\/image\/\"}}]}<\/script>\n<!-- \/ Yoast SEO plugin. -->","yoast_head_json":{"title":"Il programma \u00aballedin\u00bb - ProKilowatt","description":"Il programma \u00aballedin\u00bb, sostenuto da ProKilowatt, mira a promuovere la sostituzione di lampade a stelo alogene con nuovi ed efficienti modelli a LED.","robots":{"index":"index","follow":"follow","max-snippet":"max-snippet:-1","max-image-preview":"max-image-preview:large","max-video-preview":"max-video-preview:-1"},"canonical":"https:\/\/www.prokw.ch\/it\/success-story\/il-programma-alledin\/","og_locale":"it_IT","og_type":"article","og_title":"Il programma \u00aballedin\u00bb","og_description":"Il programma \u00aballedin\u00bb, sostenuto da ProKilowatt, mira a promuovere la sostituzione di lampade a stelo alogene con nuovi ed efficienti modelli a LED.","og_url":"https:\/\/www.prokw.ch\/it\/success-story\/il-programma-alledin\/","og_site_name":"ProKilowatt","article_modified_time":"2024-07-10T12:43:56+00:00","og_image":[{"width":720,"height":420,"url":"https:\/\/www.prokw.ch\/wp-content\/uploads\/2023\/11\/alledin_Banner_240x140px_x3_defrit.png","type":"image\/png"}],"twitter_card":"summary_large_image","twitter_title":"Il programma \u00aballedin\u00bb","twitter_description":"Il programma \u00aballedin\u00bb, sostenuto da ProKilowatt, mira a promuovere la sostituzione di lampade a stelo alogene con nuovi ed efficienti modelli a LED.","twitter_image":"https:\/\/www.prokw.ch\/wp-content\/uploads\/2023\/11\/alledin_Banner_240x140px_x3_defrit.png","twitter_misc":{"Tempo di lettura stimato":"3 minuti"},"schema":{"@context":"https:\/\/schema.org","@graph":[{"@type":"WebPage","@id":"https:\/\/www.prokw.ch\/it\/success-story\/il-programma-alledin\/","url":"https:\/\/www.prokw.ch\/it\/success-story\/il-programma-alledin\/","name":"Il programma \u00aballedin\u00bb - ProKilowatt","isPartOf":{"@id":"https:\/\/prokw.ismystar.ch\/#website"},"primaryImageOfPage":{"@id":"https:\/\/www.prokw.ch\/it\/success-story\/il-programma-alledin\/#primaryimage"},"image":{"@id":"https:\/\/www.prokw.ch\/it\/success-story\/il-programma-alledin\/#primaryimage"},"thumbnailUrl":"https:\/\/www.prokw.ch\/wp-content\/uploads\/2023\/11\/alledin_Banner_240x140px_x3_defrit.png","datePublished":"2021-02-03T12:24:00+00:00","dateModified":"2024-07-10T12:43:56+00:00","description":"Il programma \u00aballedin\u00bb, sostenuto da ProKilowatt, mira a promuovere la sostituzione di lampade a stelo alogene con nuovi ed efficienti modelli a LED.","breadcrumb":{"@id":"https:\/\/www.prokw.ch\/it\/success-story\/il-programma-alledin\/#breadcrumb"},"inLanguage":"it-IT","potentialAction":[{"@type":"ReadAction","target":["https:\/\/www.prokw.ch\/it\/success-story\/il-programma-alledin\/"]}]},{"@type":"ImageObject","inLanguage":"it-IT","@id":"https:\/\/www.prokw.ch\/it\/success-story\/il-programma-alledin\/#primaryimage","url":"https:\/\/www.prokw.ch\/wp-content\/uploads\/2023\/11\/alledin_Banner_240x140px_x3_defrit.png","contentUrl":"https:\/\/www.prokw.ch\/wp-content\/uploads\/2023\/11\/alledin_Banner_240x140px_x3_defrit.png","width":720,"height":420,"caption":"Programme Alledin"},{"@type":"BreadcrumbList","@id":"https:\/\/www.prokw.ch\/it\/success-story\/il-programma-alledin\/#breadcrumb","itemListElement":[{"@type":"ListItem","position":1,"name":"Accueil","item":"https:\/\/www.prokw.ch\/it\/"},{"@type":"ListItem","position":2,"name":"Il programma \u00aballedin\u00bb"}]},{"@type":"WebSite","@id":"https:\/\/prokw.ismystar.ch\/#website","url":"https:\/\/prokw.ismystar.ch\/","name":"ProKilowatt","description":"","publisher":{"@id":"https:\/\/prokw.ismystar.ch\/#organization"},"potentialAction":[{"@type":"SearchAction","target":{"@type":"EntryPoint","urlTemplate":"https:\/\/prokw.ismystar.ch\/?s={search_term_string}"},"query-input":{"@type":"PropertyValueSpecification","valueRequired":true,"valueName":"search_term_string"}}],"inLanguage":"it-IT"},{"@type":"Organization","@id":"https:\/\/prokw.ismystar.ch\/#organization","name":"ProKilowatt","url":"https:\/\/prokw.ismystar.ch\/","logo":{"@type":"ImageObject","inLanguage":"it-IT","@id":"https:\/\/prokw.ismystar.ch\/#\/schema\/logo\/image\/","url":"https:\/\/www.prokw.ch\/wp-content\/uploads\/2023\/11\/prokw-logo.png","contentUrl":"https:\/\/www.prokw.ch\/wp-content\/uploads\/2023\/11\/prokw-logo.png","width":503,"height":121,"caption":"ProKilowatt"},"image":{"@id":"https:\/\/prokw.ismystar.ch\/#\/schema\/logo\/image\/"}}]}},"_links":{"self":[{"href":"https:\/\/www.prokw.ch\/it\/wp-json\/wp\/v2\/success-story\/3607","targetHints":{"allow":["GET"]}}],"collection":[{"href":"https:\/\/www.prokw.ch\/it\/wp-json\/wp\/v2\/success-story"}],"about":[{"href":"https:\/\/www.prokw.ch\/it\/wp-json\/wp\/v2\/types\/success-story"}],"author":[{"embeddable":true,"href":"https:\/\/www.prokw.ch\/it\/wp-json\/wp\/v2\/users\/2"}],"replies":[{"embeddable":true,"href":"https:\/\/www.prokw.ch\/it\/wp-json\/wp\/v2\/comments?post=3607"}],"version-history":[{"count":13,"href":"https:\/\/www.prokw.ch\/it\/wp-json\/wp\/v2\/success-story\/3607\/revisions"}],"predecessor-version":[{"id":4251,"href":"https:\/\/www.prokw.ch\/it\/wp-json\/wp\/v2\/success-story\/3607\/revisions\/4251"}],"wp:featuredmedia":[{"embeddable":true,"href":"https:\/\/www.prokw.ch\/it\/wp-json\/wp\/v2\/media\/365"}],"wp:attachment":[{"href":"https:\/\/www.prokw.ch\/it\/wp-json\/wp\/v2\/media?parent=3607"}],"wp:term":[{"taxonomy":"category","embeddable":true,"href":"https:\/\/www.prokw.ch\/it\/wp-json\/wp\/v2\/categories?post=3607"},{"taxonomy":"post_tag","embeddable":true,"href":"https:\/\/www.prokw.ch\/it\/wp-json\/wp\/v2\/tags?post=3607"}],"curies":[{"name":"wp","href":"https:\/\/api.w.org\/{rel}","templated":true}]}}