{"id":5148,"date":"2025-01-28T12:24:29","date_gmt":"2025-01-28T11:24:29","guid":{"rendered":"https:\/\/www.prokw.ch\/?post_type=success-story&#038;p=5148"},"modified":"2025-03-10T10:27:40","modified_gmt":"2025-03-10T09:27:40","slug":"das-ecogastro-programm","status":"publish","type":"success-story","link":"https:\/\/www.prokw.ch\/de\/success-story\/das-ecogastro-programm\/","title":{"rendered":"Das EcoGastro-Programm"},"content":{"rendered":"\t\t<div data-elementor-type=\"wp-post\" data-elementor-id=\"5148\" class=\"elementor elementor-5148 elementor-5130\" data-elementor-post-type=\"success-story\">\n\t\t\t\t<div data-particle_enable=\"false\" data-particle-mobile-disabled=\"false\" class=\"elementor-element elementor-element-b63f7aa e-flex e-con-boxed e-con e-parent\" data-id=\"b63f7aa\" data-element_type=\"container\" data-e-type=\"container\">\n\t\t\t\t\t<div class=\"e-con-inner\">\n\t\t\t\t<div class=\"elementor-element elementor-element-80613bb elementor-widget elementor-widget-text-editor\" data-id=\"80613bb\" data-element_type=\"widget\" data-e-type=\"widget\" data-widget_type=\"text-editor.default\">\n\t\t\t\t<div class=\"elementor-widget-container\">\n\t\t\t\t\t\t\t\t\t<div class=\"wpb_text_column wpb_content_element \"><div class=\"wpb_wrapper\"><p><a href=\"https:\/\/fr.ecogastro.org\/geraete\/gewerbliche-kuchengerate\" target=\"_blank\" rel=\"noopener\">Das Programm<\/a> &#8211; unter Leitung von<a href=\"https:\/\/www.eartheffect.ch\/\" target=\"_blank\" rel=\"noopener\"> Eartheffect<\/a> und unterst\u00fctzt von ProKilowatt &#8211; deckt eine breite Palette von Grossk\u00fcchenger\u00e4ten ab. Die st\u00e4ndig aktualisierte Liste der f\u00f6rderf\u00e4higen Ger\u00e4te ist auf der Webseite von EcoGastro- abrufbar. Es ist wichtig zu beachten, dass die Beitr\u00e4ge von EcoGastro nicht mit anderen Finanzierungen des Bundes oder der Kantone kombiniert werden k\u00f6nnen.<\/p><\/div><\/div>\t\t\t\t\t\t\t\t<\/div>\n\t\t\t\t<\/div>\n\t\t\t\t<div class=\"elementor-element elementor-element-14533f7 elementor-widget elementor-widget-text-editor\" data-id=\"14533f7\" data-element_type=\"widget\" data-e-type=\"widget\" data-widget_type=\"text-editor.default\">\n\t\t\t\t<div class=\"elementor-widget-container\">\n\t\t\t\t\t\t\t\t\t<div class=\"wpb_text_column wpb_content_element \"><div class=\"wpb_wrapper\"><h4>EcoGastro-Siegel<\/h4><p>Hersteller und Importeure von Grossk\u00fcchenger\u00e4ten k\u00f6nnen die Zertifizierung ihrer Ger\u00e4te bei EcoGastro beantragen. Nach der Zertifizierung werden diese Ger\u00e4te f\u00fcr ihre Energieeffizienz anerkannt. Um f\u00f6rderf\u00e4hig zu sein, m\u00fcssen sie von mindestens drei verschiedenen Herstellern oder Importeuren angeboten werden. Die Beitr\u00e4gsh\u00f6he, die bis zu 30 % der Gesamtkosten des Produkts betragen kann, richtet sich nach den Energieeinsparungen, die im Vergleich zu uneffizienten Ger\u00e4ten erzielt werden.<\/p><p>EcoGastro stellt die Zertifizierungen aus und ver\u00f6ffentlicht die H\u00f6he des gew\u00e4hrten Beitrages. Die K\u00e4ufer &#8211; ob gewerblich oder privat &#8211; erhalten den Beitrag in Form von Preisnachl\u00e4ssen auf den Kaufpreis.<\/p><\/div><\/div>\t\t\t\t\t\t\t\t<\/div>\n\t\t\t\t<\/div>\n\t\t\t\t<div class=\"elementor-element elementor-element-5cccb87 elementor-widget elementor-widget-text-editor\" data-id=\"5cccb87\" data-element_type=\"widget\" data-e-type=\"widget\" data-widget_type=\"text-editor.default\">\n\t\t\t\t<div class=\"elementor-widget-container\">\n\t\t\t\t\t\t\t\t\t<div class=\"wpb_text_column wpb_content_element \"><div class=\"wpb_wrapper\"><h4>EcoGastro Schulung<\/h4><p>Zus\u00e4tzlich bietet EcoGastro <a href=\"https:\/\/fr.ecogastro.org\/weiterbildungen\" target=\"_blank\" rel=\"noopener\">Workshops und Beratungen<\/a> an, bei denen Gastronomiebetriebe \u00fcber eine energieeffiziente Nutzung der Ger\u00e4te sensibilisiert und geschult werden.<\/p><\/div><\/div>\t\t\t\t\t\t\t\t<\/div>\n\t\t\t\t<\/div>\n\t\t\t\t<div class=\"elementor-element elementor-element-1e88980 elementor-widget elementor-widget-gallery\" data-id=\"1e88980\" data-element_type=\"widget\" data-e-type=\"widget\" data-settings=\"{&quot;columns&quot;:3,&quot;gap&quot;:{&quot;unit&quot;:&quot;px&quot;,&quot;size&quot;:4,&quot;sizes&quot;:[]},&quot;lazyload&quot;:&quot;yes&quot;,&quot;gallery_layout&quot;:&quot;grid&quot;,&quot;columns_tablet&quot;:2,&quot;columns_mobile&quot;:1,&quot;gap_widescreen&quot;:{&quot;unit&quot;:&quot;px&quot;,&quot;size&quot;:&quot;&quot;,&quot;sizes&quot;:[]},&quot;gap_laptop&quot;:{&quot;unit&quot;:&quot;px&quot;,&quot;size&quot;:10,&quot;sizes&quot;:[]},&quot;gap_tablet_extra&quot;:{&quot;unit&quot;:&quot;px&quot;,&quot;size&quot;:10,&quot;sizes&quot;:[]},&quot;gap_tablet&quot;:{&quot;unit&quot;:&quot;px&quot;,&quot;size&quot;:10,&quot;sizes&quot;:[]},&quot;gap_mobile_extra&quot;:{&quot;unit&quot;:&quot;px&quot;,&quot;size&quot;:10,&quot;sizes&quot;:[]},&quot;gap_mobile&quot;:{&quot;unit&quot;:&quot;px&quot;,&quot;size&quot;:10,&quot;sizes&quot;:[]},&quot;link_to&quot;:&quot;file&quot;,&quot;aspect_ratio&quot;:&quot;3:2&quot;,&quot;overlay_background&quot;:&quot;yes&quot;,&quot;content_hover_animation&quot;:&quot;fade-in&quot;}\" data-widget_type=\"gallery.default\">\n\t\t\t\t<div class=\"elementor-widget-container\">\n\t\t\t\t\t\t\t<div class=\"elementor-gallery__container\">\n\t\t\t\t\t\t\t<a class=\"e-gallery-item elementor-gallery-item elementor-animated-content\" href=\"https:\/\/www.prokw.ch\/wp-content\/uploads\/2025\/03\/2017-03-06-12.11.29-scaled.jpg\" data-elementor-open-lightbox=\"yes\" data-elementor-lightbox-slideshow=\"1e88980\" data-elementor-lightbox-title=\"2017-03-06 12.11.29\" data-e-action-hash=\"#elementor-action%3Aaction%3Dlightbox%26settings%3DeyJpZCI6NTU4MiwidXJsIjoiaHR0cHM6XC9cL3d3dy5wcm9rdy5jaFwvd3AtY29udGVudFwvdXBsb2Fkc1wvMjAyNVwvMDNcLzIwMTctMDMtMDYtMTIuMTEuMjktc2NhbGVkLmpwZyIsInNsaWRlc2hvdyI6IjFlODg5ODAifQ%3D%3D\">\n\t\t\t\t\t<div class=\"e-gallery-image elementor-gallery-item__image\" data-thumbnail=\"https:\/\/www.prokw.ch\/wp-content\/uploads\/2025\/03\/2017-03-06-12.11.29-768x576.jpg\" data-width=\"768\" data-height=\"576\" aria-label=\"\" role=\"img\" ><\/div>\n\t\t\t\t\t\t\t\t\t\t\t<div class=\"elementor-gallery-item__overlay\"><\/div>\n\t\t\t\t\t\t\t\t\t\t\t\t\t\t<\/a>\n\t\t\t\t\t\t\t<a class=\"e-gallery-item elementor-gallery-item elementor-animated-content\" href=\"https:\/\/www.prokw.ch\/wp-content\/uploads\/2025\/03\/IMG_6991-scaled.jpeg\" data-elementor-open-lightbox=\"yes\" data-elementor-lightbox-slideshow=\"1e88980\" data-elementor-lightbox-title=\"IMG_6991\" data-e-action-hash=\"#elementor-action%3Aaction%3Dlightbox%26settings%3DeyJpZCI6NTU3OSwidXJsIjoiaHR0cHM6XC9cL3d3dy5wcm9rdy5jaFwvd3AtY29udGVudFwvdXBsb2Fkc1wvMjAyNVwvMDNcL0lNR182OTkxLXNjYWxlZC5qcGVnIiwic2xpZGVzaG93IjoiMWU4ODk4MCJ9\">\n\t\t\t\t\t<div class=\"e-gallery-image elementor-gallery-item__image\" data-thumbnail=\"https:\/\/www.prokw.ch\/wp-content\/uploads\/2025\/03\/IMG_6991-768x576.jpeg\" data-width=\"768\" data-height=\"576\" aria-label=\"\" role=\"img\" ><\/div>\n\t\t\t\t\t\t\t\t\t\t\t<div class=\"elementor-gallery-item__overlay\"><\/div>\n\t\t\t\t\t\t\t\t\t\t\t\t\t\t<\/a>\n\t\t\t\t\t\t\t<a class=\"e-gallery-item elementor-gallery-item elementor-animated-content\" href=\"https:\/\/www.prokw.ch\/wp-content\/uploads\/2025\/03\/IMG_6989-scaled.jpeg\" data-elementor-open-lightbox=\"yes\" data-elementor-lightbox-slideshow=\"1e88980\" data-elementor-lightbox-title=\"IMG_6989\" data-e-action-hash=\"#elementor-action%3Aaction%3Dlightbox%26settings%3DeyJpZCI6NTU3NiwidXJsIjoiaHR0cHM6XC9cL3d3dy5wcm9rdy5jaFwvd3AtY29udGVudFwvdXBsb2Fkc1wvMjAyNVwvMDNcL0lNR182OTg5LXNjYWxlZC5qcGVnIiwic2xpZGVzaG93IjoiMWU4ODk4MCJ9\">\n\t\t\t\t\t<div class=\"e-gallery-image elementor-gallery-item__image\" data-thumbnail=\"https:\/\/www.prokw.ch\/wp-content\/uploads\/2025\/03\/IMG_6989-768x1024.jpeg\" data-width=\"768\" data-height=\"1024\" aria-label=\"\" role=\"img\" ><\/div>\n\t\t\t\t\t\t\t\t\t\t\t<div class=\"elementor-gallery-item__overlay\"><\/div>\n\t\t\t\t\t\t\t\t\t\t\t\t\t\t<\/a>\n\t\t\t\t\t<\/div>\n\t\t\t\t\t<\/div>\n\t\t\t\t<\/div>\n\t\t\t\t<div class=\"elementor-element elementor-element-a134a8f elementor-widget elementor-widget-text-editor\" data-id=\"a134a8f\" data-element_type=\"widget\" data-e-type=\"widget\" data-widget_type=\"text-editor.default\">\n\t\t\t\t<div class=\"elementor-widget-container\">\n\t\t\t\t\t\t\t\t\t<div class=\"wpb_text_column wpb_content_element \"><div class=\"wpb_wrapper\"><p><strong>Weitere Informationen und eine Liste der zertifizierten Ger\u00e4te finden Sie <a href=\"https:\/\/fr.ecogastro.org\/geraete\/gewerbliche-kuchengerate\" target=\"_blank\" rel=\"noopener\">auf der Webseite<\/a> von EcoGastro.<\/strong><\/p><\/div><\/div>\t\t\t\t\t\t\t\t<\/div>\n\t\t\t\t<\/div>\n\t\t\t\t<div class=\"elementor-element elementor-element-389ff48 elementor-widget elementor-widget-text-editor\" data-id=\"389ff48\" data-element_type=\"widget\" data-e-type=\"widget\" data-widget_type=\"text-editor.default\">\n\t\t\t\t<div class=\"elementor-widget-container\">\n\t\t\t\t\t\t\t\t\t<div class=\"wpb_text_column wpb_content_element \"><div class=\"wpb_wrapper\"><p><strong>M\u00f6chten auch Sie ein ProKilowatt-Programm eingeben?<\/strong> <a href=\"https:\/\/www.prokw.ch\/de\/ein-programm-einreichen\/\" target=\"_blank\" rel=\"noopener\">Klicken Sie hier<\/a>, um sich \u00fcber die Antragseingabe zu informieren.<\/p><\/div><\/div>\t\t\t\t\t\t\t\t<\/div>\n\t\t\t\t<\/div>\n\t\t\t\t<div class=\"elementor-element elementor-element-823402e elementor-widget elementor-widget-spacer\" data-id=\"823402e\" data-element_type=\"widget\" data-e-type=\"widget\" data-widget_type=\"spacer.default\">\n\t\t\t\t<div class=\"elementor-widget-container\">\n\t\t\t\t\t\t\t<div class=\"elementor-spacer\">\n\t\t\t<div class=\"elementor-spacer-inner\"><\/div>\n\t\t<\/div>\n\t\t\t\t\t\t<\/div>\n\t\t\t\t<\/div>\n\t\t\t\t\t<\/div>\n\t\t\t\t<\/div>\n\t\t\t\t<\/div>\n\t\t","protected":false},"excerpt":{"rendered":"<p>Das Programm EcoGastro zielt darauf ab, den Energieverbrauch von Grossk\u00fcchenger\u00e4ten zu senken, indem es Beitr\u00e4ge f\u00fcr den Ersatz bestehender Ger\u00e4te der gleichen Kategorie gew\u00e4hrt. Auf diese Weise entlasten Fachleute aus dem Gastgewerbe und der Hotellerie die Kosten ihrer Investitionen und senken gleichzeitig ihren Energieverbrauch.<\/p>\n","protected":false},"author":2,"featured_media":5134,"menu_order":4,"comment_status":"closed","ping_status":"closed","template":"","format":"standard","meta":{"_acf_changed":false,"footnotes":""},"categories":[22],"tags":[95],"class_list":["post-5148","success-story","type-success-story","status-publish","format-standard","has-post-thumbnail","hentry","category-programme","tag-andere"],"acf":[],"yoast_head":"<!-- This site is optimized with the Yoast SEO plugin v27.0 - https:\/\/yoast.com\/product\/yoast-seo-wordpress\/ -->\n<title>Das EcoGastro-Programm - ProKilowatt<\/title>\n<meta name=\"description\" content=\"Das Programm EcoGastro zielt darauf ab, den Energieverbrauch von Grossk\u00fcchenger\u00e4ten.\" \/>\n<meta name=\"robots\" content=\"index, follow, max-snippet:-1, max-image-preview:large, max-video-preview:-1\" \/>\n<link rel=\"canonical\" href=\"https:\/\/www.prokw.ch\/de\/success-story\/das-ecogastro-programm\/\" \/>\n<meta property=\"og:locale\" content=\"de_DE\" \/>\n<meta property=\"og:type\" content=\"article\" \/>\n<meta property=\"og:title\" content=\"Das EcoGastro-Programm\" \/>\n<meta property=\"og:description\" content=\"Das Programm EcoGastro zielt darauf ab, den Energieverbrauch von Grossk\u00fcchenger\u00e4ten.\" \/>\n<meta property=\"og:url\" content=\"https:\/\/www.prokw.ch\/de\/success-story\/das-ecogastro-programm\/\" \/>\n<meta property=\"og:site_name\" content=\"ProKilowatt\" \/>\n<meta property=\"article:modified_time\" content=\"2025-03-10T09:27:40+00:00\" \/>\n<meta property=\"og:image\" content=\"https:\/\/www.prokw.ch\/wp-content\/uploads\/2024\/12\/EcoGastro-scaled.jpg\" \/>\n\t<meta property=\"og:image:width\" content=\"2560\" \/>\n\t<meta property=\"og:image:height\" content=\"1707\" \/>\n\t<meta property=\"og:image:type\" content=\"image\/jpeg\" \/>\n<meta name=\"twitter:card\" content=\"summary_large_image\" \/>\n<meta name=\"twitter:title\" content=\"Das EcoGastro-Programm\" \/>\n<meta name=\"twitter:description\" content=\"Das Programm EcoGastro zielt darauf ab, den Energieverbrauch von Grossk\u00fcchenger\u00e4ten.\" \/>\n<meta name=\"twitter:image\" content=\"https:\/\/www.prokw.ch\/wp-content\/uploads\/2024\/12\/EcoGastro-scaled.jpg\" \/>\n<meta name=\"twitter:label1\" content=\"Gesch\u00e4tzte Lesezeit\" \/>\n\t<meta name=\"twitter:data1\" content=\"2\u00a0Minuten\" \/>\n<script type=\"application\/ld+json\" class=\"yoast-schema-graph\">{\"@context\":\"https:\/\/schema.org\",\"@graph\":[{\"@type\":\"WebPage\",\"@id\":\"https:\/\/www.prokw.ch\/de\/success-story\/das-ecogastro-programm\/\",\"url\":\"https:\/\/www.prokw.ch\/de\/success-story\/das-ecogastro-programm\/\",\"name\":\"Das EcoGastro-Programm - ProKilowatt\",\"isPartOf\":{\"@id\":\"https:\/\/prokw.ismystar.ch\/#website\"},\"primaryImageOfPage\":{\"@id\":\"https:\/\/www.prokw.ch\/de\/success-story\/das-ecogastro-programm\/#primaryimage\"},\"image\":{\"@id\":\"https:\/\/www.prokw.ch\/de\/success-story\/das-ecogastro-programm\/#primaryimage\"},\"thumbnailUrl\":\"https:\/\/www.prokw.ch\/wp-content\/uploads\/2024\/12\/EcoGastro-scaled.jpg\",\"datePublished\":\"2025-01-28T11:24:29+00:00\",\"dateModified\":\"2025-03-10T09:27:40+00:00\",\"description\":\"Das Programm EcoGastro zielt darauf ab, den Energieverbrauch von Grossk\u00fcchenger\u00e4ten.\",\"breadcrumb\":{\"@id\":\"https:\/\/www.prokw.ch\/de\/success-story\/das-ecogastro-programm\/#breadcrumb\"},\"inLanguage\":\"de\",\"potentialAction\":[{\"@type\":\"ReadAction\",\"target\":[\"https:\/\/www.prokw.ch\/de\/success-story\/das-ecogastro-programm\/\"]}]},{\"@type\":\"ImageObject\",\"inLanguage\":\"de\",\"@id\":\"https:\/\/www.prokw.ch\/de\/success-story\/das-ecogastro-programm\/#primaryimage\",\"url\":\"https:\/\/www.prokw.ch\/wp-content\/uploads\/2024\/12\/EcoGastro-scaled.jpg\",\"contentUrl\":\"https:\/\/www.prokw.ch\/wp-content\/uploads\/2024\/12\/EcoGastro-scaled.jpg\",\"width\":2560,\"height\":1707,\"caption\":\"EcoGastro\"},{\"@type\":\"BreadcrumbList\",\"@id\":\"https:\/\/www.prokw.ch\/de\/success-story\/das-ecogastro-programm\/#breadcrumb\",\"itemListElement\":[{\"@type\":\"ListItem\",\"position\":1,\"name\":\"Accueil\",\"item\":\"https:\/\/www.prokw.ch\/de\/\"},{\"@type\":\"ListItem\",\"position\":2,\"name\":\"Das EcoGastro-Programm\"}]},{\"@type\":\"WebSite\",\"@id\":\"https:\/\/prokw.ismystar.ch\/#website\",\"url\":\"https:\/\/prokw.ismystar.ch\/\",\"name\":\"ProKilowatt\",\"description\":\"\",\"publisher\":{\"@id\":\"https:\/\/prokw.ismystar.ch\/#organization\"},\"potentialAction\":[{\"@type\":\"SearchAction\",\"target\":{\"@type\":\"EntryPoint\",\"urlTemplate\":\"https:\/\/prokw.ismystar.ch\/?s={search_term_string}\"},\"query-input\":{\"@type\":\"PropertyValueSpecification\",\"valueRequired\":true,\"valueName\":\"search_term_string\"}}],\"inLanguage\":\"de\"},{\"@type\":\"Organization\",\"@id\":\"https:\/\/prokw.ismystar.ch\/#organization\",\"name\":\"ProKilowatt\",\"url\":\"https:\/\/prokw.ismystar.ch\/\",\"logo\":{\"@type\":\"ImageObject\",\"inLanguage\":\"de\",\"@id\":\"https:\/\/prokw.ismystar.ch\/#\/schema\/logo\/image\/\",\"url\":\"https:\/\/www.prokw.ch\/wp-content\/uploads\/2023\/11\/prokw-logo.png\",\"contentUrl\":\"https:\/\/www.prokw.ch\/wp-content\/uploads\/2023\/11\/prokw-logo.png\",\"width\":503,\"height\":121,\"caption\":\"ProKilowatt\"},\"image\":{\"@id\":\"https:\/\/prokw.ismystar.ch\/#\/schema\/logo\/image\/\"}}]}<\/script>\n<!-- \/ Yoast SEO plugin. -->","yoast_head_json":{"title":"Das EcoGastro-Programm - ProKilowatt","description":"Das Programm EcoGastro zielt darauf ab, den Energieverbrauch von Grossk\u00fcchenger\u00e4ten.","robots":{"index":"index","follow":"follow","max-snippet":"max-snippet:-1","max-image-preview":"max-image-preview:large","max-video-preview":"max-video-preview:-1"},"canonical":"https:\/\/www.prokw.ch\/de\/success-story\/das-ecogastro-programm\/","og_locale":"de_DE","og_type":"article","og_title":"Das EcoGastro-Programm","og_description":"Das Programm EcoGastro zielt darauf ab, den Energieverbrauch von Grossk\u00fcchenger\u00e4ten.","og_url":"https:\/\/www.prokw.ch\/de\/success-story\/das-ecogastro-programm\/","og_site_name":"ProKilowatt","article_modified_time":"2025-03-10T09:27:40+00:00","og_image":[{"width":2560,"height":1707,"url":"https:\/\/www.prokw.ch\/wp-content\/uploads\/2024\/12\/EcoGastro-scaled.jpg","type":"image\/jpeg"}],"twitter_card":"summary_large_image","twitter_title":"Das EcoGastro-Programm","twitter_description":"Das Programm EcoGastro zielt darauf ab, den Energieverbrauch von Grossk\u00fcchenger\u00e4ten.","twitter_image":"https:\/\/www.prokw.ch\/wp-content\/uploads\/2024\/12\/EcoGastro-scaled.jpg","twitter_misc":{"Gesch\u00e4tzte Lesezeit":"2\u00a0Minuten"},"schema":{"@context":"https:\/\/schema.org","@graph":[{"@type":"WebPage","@id":"https:\/\/www.prokw.ch\/de\/success-story\/das-ecogastro-programm\/","url":"https:\/\/www.prokw.ch\/de\/success-story\/das-ecogastro-programm\/","name":"Das EcoGastro-Programm - ProKilowatt","isPartOf":{"@id":"https:\/\/prokw.ismystar.ch\/#website"},"primaryImageOfPage":{"@id":"https:\/\/www.prokw.ch\/de\/success-story\/das-ecogastro-programm\/#primaryimage"},"image":{"@id":"https:\/\/www.prokw.ch\/de\/success-story\/das-ecogastro-programm\/#primaryimage"},"thumbnailUrl":"https:\/\/www.prokw.ch\/wp-content\/uploads\/2024\/12\/EcoGastro-scaled.jpg","datePublished":"2025-01-28T11:24:29+00:00","dateModified":"2025-03-10T09:27:40+00:00","description":"Das Programm EcoGastro zielt darauf ab, den Energieverbrauch von Grossk\u00fcchenger\u00e4ten.","breadcrumb":{"@id":"https:\/\/www.prokw.ch\/de\/success-story\/das-ecogastro-programm\/#breadcrumb"},"inLanguage":"de","potentialAction":[{"@type":"ReadAction","target":["https:\/\/www.prokw.ch\/de\/success-story\/das-ecogastro-programm\/"]}]},{"@type":"ImageObject","inLanguage":"de","@id":"https:\/\/www.prokw.ch\/de\/success-story\/das-ecogastro-programm\/#primaryimage","url":"https:\/\/www.prokw.ch\/wp-content\/uploads\/2024\/12\/EcoGastro-scaled.jpg","contentUrl":"https:\/\/www.prokw.ch\/wp-content\/uploads\/2024\/12\/EcoGastro-scaled.jpg","width":2560,"height":1707,"caption":"EcoGastro"},{"@type":"BreadcrumbList","@id":"https:\/\/www.prokw.ch\/de\/success-story\/das-ecogastro-programm\/#breadcrumb","itemListElement":[{"@type":"ListItem","position":1,"name":"Accueil","item":"https:\/\/www.prokw.ch\/de\/"},{"@type":"ListItem","position":2,"name":"Das EcoGastro-Programm"}]},{"@type":"WebSite","@id":"https:\/\/prokw.ismystar.ch\/#website","url":"https:\/\/prokw.ismystar.ch\/","name":"ProKilowatt","description":"","publisher":{"@id":"https:\/\/prokw.ismystar.ch\/#organization"},"potentialAction":[{"@type":"SearchAction","target":{"@type":"EntryPoint","urlTemplate":"https:\/\/prokw.ismystar.ch\/?s={search_term_string}"},"query-input":{"@type":"PropertyValueSpecification","valueRequired":true,"valueName":"search_term_string"}}],"inLanguage":"de"},{"@type":"Organization","@id":"https:\/\/prokw.ismystar.ch\/#organization","name":"ProKilowatt","url":"https:\/\/prokw.ismystar.ch\/","logo":{"@type":"ImageObject","inLanguage":"de","@id":"https:\/\/prokw.ismystar.ch\/#\/schema\/logo\/image\/","url":"https:\/\/www.prokw.ch\/wp-content\/uploads\/2023\/11\/prokw-logo.png","contentUrl":"https:\/\/www.prokw.ch\/wp-content\/uploads\/2023\/11\/prokw-logo.png","width":503,"height":121,"caption":"ProKilowatt"},"image":{"@id":"https:\/\/prokw.ismystar.ch\/#\/schema\/logo\/image\/"}}]}},"_links":{"self":[{"href":"https:\/\/www.prokw.ch\/de\/wp-json\/wp\/v2\/success-story\/5148","targetHints":{"allow":["GET"]}}],"collection":[{"href":"https:\/\/www.prokw.ch\/de\/wp-json\/wp\/v2\/success-story"}],"about":[{"href":"https:\/\/www.prokw.ch\/de\/wp-json\/wp\/v2\/types\/success-story"}],"author":[{"embeddable":true,"href":"https:\/\/www.prokw.ch\/de\/wp-json\/wp\/v2\/users\/2"}],"replies":[{"embeddable":true,"href":"https:\/\/www.prokw.ch\/de\/wp-json\/wp\/v2\/comments?post=5148"}],"version-history":[{"count":18,"href":"https:\/\/www.prokw.ch\/de\/wp-json\/wp\/v2\/success-story\/5148\/revisions"}],"predecessor-version":[{"id":5587,"href":"https:\/\/www.prokw.ch\/de\/wp-json\/wp\/v2\/success-story\/5148\/revisions\/5587"}],"wp:featuredmedia":[{"embeddable":true,"href":"https:\/\/www.prokw.ch\/de\/wp-json\/wp\/v2\/media\/5134"}],"wp:attachment":[{"href":"https:\/\/www.prokw.ch\/de\/wp-json\/wp\/v2\/media?parent=5148"}],"wp:term":[{"taxonomy":"category","embeddable":true,"href":"https:\/\/www.prokw.ch\/de\/wp-json\/wp\/v2\/categories?post=5148"},{"taxonomy":"post_tag","embeddable":true,"href":"https:\/\/www.prokw.ch\/de\/wp-json\/wp\/v2\/tags?post=5148"}],"curies":[{"name":"wp","href":"https:\/\/api.w.org\/{rel}","templated":true}]}}