{"id":3404,"date":"2022-04-28T09:00:48","date_gmt":"2022-04-28T07:00:48","guid":{"rendered":"https:\/\/www.prokw.ch\/success-story\/nids-a-porcelets\/"},"modified":"2025-02-20T14:45:24","modified_gmt":"2025-02-20T13:45:24","slug":"ferkelnester","status":"publish","type":"success-story","link":"https:\/\/www.prokw.ch\/de\/success-story\/ferkelnester\/","title":{"rendered":"Ferkelnester"},"content":{"rendered":"\t\t<div data-elementor-type=\"wp-post\" data-elementor-id=\"3404\" class=\"elementor elementor-3404 elementor-548\" data-elementor-post-type=\"success-story\">\n\t\t\t\t<div data-particle_enable=\"false\" data-particle-mobile-disabled=\"false\" class=\"elementor-element elementor-element-b63f7aa e-flex e-con-boxed e-con e-parent\" data-id=\"b63f7aa\" data-element_type=\"container\" data-e-type=\"container\">\n\t\t\t\t\t<div class=\"e-con-inner\">\n\t\t\t\t<div class=\"elementor-element elementor-element-80613bb elementor-widget elementor-widget-text-editor\" data-id=\"80613bb\" data-element_type=\"widget\" data-e-type=\"widget\" data-widget_type=\"text-editor.default\">\n\t\t\t\t<div class=\"elementor-widget-container\">\n\t\t\t\t\t\t\t\t\t<h4 class=\"vc_custom_heading\">F\u00fcr energieeffiziente Ferkelnester<\/h4><div class=\"wpb_text_column wpb_content_element \"><div class=\"wpb_wrapper\"><p>Bei konventioneller Beheizung ist ein Zuchtschweinestall sehr energieintensiv, da die Ferkel in ihren ersten Tagen ein Mikroklima von 34 Grad Celsius ben\u00f6tigen. Bis sie ausgewachsen sind, muss die Temperatur anschliessend allm\u00e4hlich abgesenkt werden. Nester der Ferkel und sp\u00e4ter der entw\u00f6hnten Jungtiere (Jager) werden oft elektrisch mit<\/p><p>Fussbodenheizung oder Lampen gew\u00e4rmt, ohne Isolierung und ohne Temperaturregelung. Aus diesem Grund hat <a href=\"https:\/\/www.agrocleantech.ch\/de\/\" target=\"_blank\" rel=\"noopener\">AgroCleanTech<\/a> das Programm Ferkelnester eingef\u00fchrt. Es soll die Energiekosten um 80% senken und zugleich ein ideales Klima f\u00fcr Ferkel aufrechterhalten.<\/p><p>Durch das Einrichten von gut isolierten Ferkel- oder Jagernestern mit einer Temperaturregelung f\u00fcr die elektrischen Heizung und mit isolierten Vorh\u00e4ngen h\u00e4lt der Stall die f\u00fcr das Wachstum der Tiere notwendige Temperatur und senkt gleichzeitig den Stromverbrauch.<\/p><p>Im Durchschnitt hat ein Schweinestall zehn Ferkelnester und spart mit der Installation solcher energieeffizienter Einrichtungen etwa 10\u2019000 kWh Strom pro Jahr (2\u2019000 CHF\/Jahr). Das Einsparpotenzial ist gross, da es in der Schweiz etwa 2200 Zuchtschweinest\u00e4lle gibt.<\/p><p>Die finanzielle Unterst\u00fctzung von ProKilowatt f\u00fcr Ferkel- und Jagernester sowie f\u00fcr Vorh\u00e4nge vor den Mutter- und Abferkelnestern bel\u00e4uft sich auf rund 15% der Investitionskosten.<\/p><\/div><\/div>\t\t\t\t\t\t\t\t<\/div>\n\t\t\t\t<\/div>\n\t\t\t\t<div class=\"elementor-element elementor-element-823402e elementor-widget elementor-widget-spacer\" data-id=\"823402e\" data-element_type=\"widget\" data-e-type=\"widget\" data-widget_type=\"spacer.default\">\n\t\t\t\t<div class=\"elementor-widget-container\">\n\t\t\t\t\t\t\t<div class=\"elementor-spacer\">\n\t\t\t<div class=\"elementor-spacer-inner\"><\/div>\n\t\t<\/div>\n\t\t\t\t\t\t<\/div>\n\t\t\t\t<\/div>\n\t\t\t\t<div class=\"elementor-element elementor-element-1548bfd elementor-widget elementor-widget-image\" data-id=\"1548bfd\" data-element_type=\"widget\" data-e-type=\"widget\" data-widget_type=\"image.default\">\n\t\t\t\t<div class=\"elementor-widget-container\">\n\t\t\t\t\t\t\t\t\t\t\t\t\t\t\t<img fetchpriority=\"high\" decoding=\"async\" width=\"800\" height=\"529\" src=\"https:\/\/www.prokw.ch\/wp-content\/uploads\/2022\/04\/Ferkelnester.jpg\" class=\"attachment-large size-large wp-image-3408\" alt=\"\" srcset=\"https:\/\/www.prokw.ch\/wp-content\/uploads\/2022\/04\/Ferkelnester.jpg 1024w, https:\/\/www.prokw.ch\/wp-content\/uploads\/2022\/04\/Ferkelnester-300x198.jpg 300w, https:\/\/www.prokw.ch\/wp-content\/uploads\/2022\/04\/Ferkelnester-768x508.jpg 768w\" sizes=\"(max-width: 800px) 100vw, 800px\" \/>\t\t\t\t\t\t\t\t\t\t\t\t\t\t\t<\/div>\n\t\t\t\t<\/div>\n\t\t\t\t<div class=\"elementor-element elementor-element-d522133 elementor-widget elementor-widget-text-editor\" data-id=\"d522133\" data-element_type=\"widget\" data-e-type=\"widget\" data-widget_type=\"text-editor.default\">\n\t\t\t\t<div class=\"elementor-widget-container\">\n\t\t\t\t\t\t\t\t\t<p><span style=\"font-family: arial, helvetica, sans-serif;\">Abbildung 1: Stromverbrauch Ferkelnester konventionell &#8211; sparsam<\/span><\/p>\t\t\t\t\t\t\t\t<\/div>\n\t\t\t\t<\/div>\n\t\t\t\t<div class=\"elementor-element elementor-element-2329364 elementor-widget elementor-widget-spacer\" data-id=\"2329364\" data-element_type=\"widget\" data-e-type=\"widget\" data-widget_type=\"spacer.default\">\n\t\t\t\t<div class=\"elementor-widget-container\">\n\t\t\t\t\t\t\t<div class=\"elementor-spacer\">\n\t\t\t<div class=\"elementor-spacer-inner\"><\/div>\n\t\t<\/div>\n\t\t\t\t\t\t<\/div>\n\t\t\t\t<\/div>\n\t\t\t\t<div class=\"elementor-element elementor-element-e7a9f3c elementor-widget elementor-widget-text-editor\" data-id=\"e7a9f3c\" data-element_type=\"widget\" data-e-type=\"widget\" data-widget_type=\"text-editor.default\">\n\t\t\t\t<div class=\"elementor-widget-container\">\n\t\t\t\t\t\t\t\t\t<h4 class=\"vc_custom_heading\">Ferkelnester I und II<\/h4><div class=\"wpb_text_column wpb_content_element \"><div class=\"wpb_wrapper\"><p>Nach den Ausschreibungen von ProKilowatt im Jahr 2017 konnte AgroCleanTech das Programm Ferkelnester zwischen 2018 und 2021 umsetzen. Der Verein, der im Energiesektor und im Klimaschutz in der Landwirtschaft t\u00e4tig ist, unterst\u00fctzte 270 Zuchtschweinest\u00e4lle, wof\u00fcr 1,3 Millionen Franken von ProKilowatt ausbezahlt wurden.<\/p><p>Angesichts des Erfolgs des Programms und der grossen Nachfrage konnten mehrere landwirtschaftliche Betriebe ihre Sanierungsprojekte nicht realisieren. Aus diesem Grund hat AgroCleanTech das Programm im Jahr 2021 erneut eingereicht. Dadurch erhielt die Vereinigung zus\u00e4tzliche 311\u2019000 Franken, um das Programm von 2022 bis 2024 zu finanzieren.<\/p><p><strong>Das Programm ist beendet und es k\u00f6nnen keine F\u00f6rderantr\u00e4ge mehr gestellt werden. Wir laden Sie ein, <a href=\"https:\/\/www.prokw.ch\/de\/ein-programm-einreichen\/#suchen\" target=\"_blank\" rel=\"noopener\">einen Blick auf die laufenden Programme zu werfen<\/a>, um zu sehen, welche Programme Sie bei der Erneuerung Ihrer elektrischen Anlagen unterst\u00fctzen k\u00f6nnen.<\/strong><\/p><\/div><\/div>\t\t\t\t\t\t\t\t<\/div>\n\t\t\t\t<\/div>\n\t\t\t\t<div class=\"elementor-element elementor-element-b12e742 elementor-widget elementor-widget-text-editor\" data-id=\"b12e742\" data-element_type=\"widget\" data-e-type=\"widget\" data-widget_type=\"text-editor.default\">\n\t\t\t\t<div class=\"elementor-widget-container\">\n\t\t\t\t\t\t\t\t\t<p><strong>M\u00f6chten auch Sie ein ProKilowatt Programm einreichen?<\/strong>\u00a0<a href=\"https:\/\/www.prokw.ch\/de\/ein-programm-einreichen\/\">Klicken Sie unten, um mehr dar\u00fcber zu erfahren.<\/a><\/p><div class=\"wpb_text_column wpb_content_element \"><div class=\"wpb_wrapper\">\u00a0<\/div><\/div>\t\t\t\t\t\t\t\t<\/div>\n\t\t\t\t<\/div>\n\t\t\t\t\t<\/div>\n\t\t\t\t<\/div>\n\t\t\t\t<\/div>\n\t\t","protected":false},"excerpt":{"rendered":"<p>Das von ProKilowatt unterst\u00fctzte F\u00f6rderprogramm Ferkelnester wird von der Schweizer Vereinigung AgroCleanTech verwaltet. Mit ihm soll die Installation effiziente Nester und Vorh\u00e4nge in der Schweinehaltung gef\u00f6rdert werden, um in den n\u00e4chsten 15 Jahren rund 11 GWh Strom einzusparen.<\/p>\n","protected":false},"author":1,"featured_media":421,"menu_order":13,"comment_status":"closed","ping_status":"closed","template":"","format":"standard","meta":{"_acf_changed":false,"footnotes":""},"categories":[106,68],"tags":[95],"class_list":["post-3404","success-story","type-success-story","status-publish","format-standard","has-post-thumbnail","hentry","category-beendet","category-programm","tag-andere"],"acf":[],"yoast_head":"<!-- This site is optimized with the Yoast SEO plugin v27.0 - https:\/\/yoast.com\/product\/yoast-seo-wordpress\/ -->\n<title>Ferkelnester - ProKilowatt<\/title>\n<meta name=\"description\" content=\"Das Programm zur Unterst\u00fctzung von Ferkelnestern soll die Einrichtung von effizienten Nestern und Vorh\u00e4ngen in der Schweinehaltung f\u00f6rdern.\" \/>\n<meta name=\"robots\" content=\"index, follow, max-snippet:-1, max-image-preview:large, max-video-preview:-1\" \/>\n<link rel=\"canonical\" href=\"https:\/\/www.prokw.ch\/de\/success-story\/ferkelnester\/\" \/>\n<meta property=\"og:locale\" content=\"de_DE\" \/>\n<meta property=\"og:type\" content=\"article\" \/>\n<meta property=\"og:title\" content=\"Ferkelnester\" \/>\n<meta property=\"og:description\" content=\"Das Programm zur Unterst\u00fctzung von Ferkelnestern soll die Einrichtung von effizienten Nestern und Vorh\u00e4ngen in der Schweinehaltung f\u00f6rdern.\" \/>\n<meta property=\"og:url\" content=\"https:\/\/www.prokw.ch\/de\/success-story\/ferkelnester\/\" \/>\n<meta property=\"og:site_name\" content=\"ProKilowatt\" \/>\n<meta property=\"article:modified_time\" content=\"2025-02-20T13:45:24+00:00\" \/>\n<meta property=\"og:image\" content=\"https:\/\/www.prokw.ch\/wp-content\/uploads\/2023\/11\/nids-a-porcelets.png\" \/>\n\t<meta property=\"og:image:width\" content=\"722\" \/>\n\t<meta property=\"og:image:height\" content=\"481\" \/>\n\t<meta property=\"og:image:type\" content=\"image\/png\" \/>\n<meta name=\"twitter:card\" content=\"summary_large_image\" \/>\n<meta name=\"twitter:title\" content=\"Ferkelnester\" \/>\n<meta name=\"twitter:description\" content=\"Das Programm zur Unterst\u00fctzung von Ferkelnestern soll die Einrichtung von effizienten Nestern und Vorh\u00e4ngen in der Schweinehaltung f\u00f6rdern.\" \/>\n<meta name=\"twitter:image\" content=\"https:\/\/www.prokw.ch\/wp-content\/uploads\/2023\/11\/nids-a-porcelets.png\" \/>\n<meta name=\"twitter:label1\" content=\"Gesch\u00e4tzte Lesezeit\" \/>\n\t<meta name=\"twitter:data1\" content=\"3\u00a0Minuten\" \/>\n<script type=\"application\/ld+json\" class=\"yoast-schema-graph\">{\"@context\":\"https:\/\/schema.org\",\"@graph\":[{\"@type\":\"WebPage\",\"@id\":\"https:\/\/www.prokw.ch\/de\/success-story\/ferkelnester\/\",\"url\":\"https:\/\/www.prokw.ch\/de\/success-story\/ferkelnester\/\",\"name\":\"Ferkelnester - ProKilowatt\",\"isPartOf\":{\"@id\":\"https:\/\/prokw.ismystar.ch\/#website\"},\"primaryImageOfPage\":{\"@id\":\"https:\/\/www.prokw.ch\/de\/success-story\/ferkelnester\/#primaryimage\"},\"image\":{\"@id\":\"https:\/\/www.prokw.ch\/de\/success-story\/ferkelnester\/#primaryimage\"},\"thumbnailUrl\":\"https:\/\/www.prokw.ch\/wp-content\/uploads\/2023\/11\/nids-a-porcelets.png\",\"datePublished\":\"2022-04-28T07:00:48+00:00\",\"dateModified\":\"2025-02-20T13:45:24+00:00\",\"description\":\"Das Programm zur Unterst\u00fctzung von Ferkelnestern soll die Einrichtung von effizienten Nestern und Vorh\u00e4ngen in der Schweinehaltung f\u00f6rdern.\",\"breadcrumb\":{\"@id\":\"https:\/\/www.prokw.ch\/de\/success-story\/ferkelnester\/#breadcrumb\"},\"inLanguage\":\"de\",\"potentialAction\":[{\"@type\":\"ReadAction\",\"target\":[\"https:\/\/www.prokw.ch\/de\/success-story\/ferkelnester\/\"]}]},{\"@type\":\"ImageObject\",\"inLanguage\":\"de\",\"@id\":\"https:\/\/www.prokw.ch\/de\/success-story\/ferkelnester\/#primaryimage\",\"url\":\"https:\/\/www.prokw.ch\/wp-content\/uploads\/2023\/11\/nids-a-porcelets.png\",\"contentUrl\":\"https:\/\/www.prokw.ch\/wp-content\/uploads\/2023\/11\/nids-a-porcelets.png\",\"width\":722,\"height\":481,\"caption\":\"nids \u00e0 porcelets\"},{\"@type\":\"BreadcrumbList\",\"@id\":\"https:\/\/www.prokw.ch\/de\/success-story\/ferkelnester\/#breadcrumb\",\"itemListElement\":[{\"@type\":\"ListItem\",\"position\":1,\"name\":\"Accueil\",\"item\":\"https:\/\/www.prokw.ch\/de\/\"},{\"@type\":\"ListItem\",\"position\":2,\"name\":\"Ferkelnester\"}]},{\"@type\":\"WebSite\",\"@id\":\"https:\/\/prokw.ismystar.ch\/#website\",\"url\":\"https:\/\/prokw.ismystar.ch\/\",\"name\":\"ProKilowatt\",\"description\":\"\",\"publisher\":{\"@id\":\"https:\/\/prokw.ismystar.ch\/#organization\"},\"potentialAction\":[{\"@type\":\"SearchAction\",\"target\":{\"@type\":\"EntryPoint\",\"urlTemplate\":\"https:\/\/prokw.ismystar.ch\/?s={search_term_string}\"},\"query-input\":{\"@type\":\"PropertyValueSpecification\",\"valueRequired\":true,\"valueName\":\"search_term_string\"}}],\"inLanguage\":\"de\"},{\"@type\":\"Organization\",\"@id\":\"https:\/\/prokw.ismystar.ch\/#organization\",\"name\":\"ProKilowatt\",\"url\":\"https:\/\/prokw.ismystar.ch\/\",\"logo\":{\"@type\":\"ImageObject\",\"inLanguage\":\"de\",\"@id\":\"https:\/\/prokw.ismystar.ch\/#\/schema\/logo\/image\/\",\"url\":\"https:\/\/www.prokw.ch\/wp-content\/uploads\/2023\/11\/prokw-logo.png\",\"contentUrl\":\"https:\/\/www.prokw.ch\/wp-content\/uploads\/2023\/11\/prokw-logo.png\",\"width\":503,\"height\":121,\"caption\":\"ProKilowatt\"},\"image\":{\"@id\":\"https:\/\/prokw.ismystar.ch\/#\/schema\/logo\/image\/\"}}]}<\/script>\n<!-- \/ Yoast SEO plugin. -->","yoast_head_json":{"title":"Ferkelnester - ProKilowatt","description":"Das Programm zur Unterst\u00fctzung von Ferkelnestern soll die Einrichtung von effizienten Nestern und Vorh\u00e4ngen in der Schweinehaltung f\u00f6rdern.","robots":{"index":"index","follow":"follow","max-snippet":"max-snippet:-1","max-image-preview":"max-image-preview:large","max-video-preview":"max-video-preview:-1"},"canonical":"https:\/\/www.prokw.ch\/de\/success-story\/ferkelnester\/","og_locale":"de_DE","og_type":"article","og_title":"Ferkelnester","og_description":"Das Programm zur Unterst\u00fctzung von Ferkelnestern soll die Einrichtung von effizienten Nestern und Vorh\u00e4ngen in der Schweinehaltung f\u00f6rdern.","og_url":"https:\/\/www.prokw.ch\/de\/success-story\/ferkelnester\/","og_site_name":"ProKilowatt","article_modified_time":"2025-02-20T13:45:24+00:00","og_image":[{"width":722,"height":481,"url":"https:\/\/www.prokw.ch\/wp-content\/uploads\/2023\/11\/nids-a-porcelets.png","type":"image\/png"}],"twitter_card":"summary_large_image","twitter_title":"Ferkelnester","twitter_description":"Das Programm zur Unterst\u00fctzung von Ferkelnestern soll die Einrichtung von effizienten Nestern und Vorh\u00e4ngen in der Schweinehaltung f\u00f6rdern.","twitter_image":"https:\/\/www.prokw.ch\/wp-content\/uploads\/2023\/11\/nids-a-porcelets.png","twitter_misc":{"Gesch\u00e4tzte Lesezeit":"3\u00a0Minuten"},"schema":{"@context":"https:\/\/schema.org","@graph":[{"@type":"WebPage","@id":"https:\/\/www.prokw.ch\/de\/success-story\/ferkelnester\/","url":"https:\/\/www.prokw.ch\/de\/success-story\/ferkelnester\/","name":"Ferkelnester - ProKilowatt","isPartOf":{"@id":"https:\/\/prokw.ismystar.ch\/#website"},"primaryImageOfPage":{"@id":"https:\/\/www.prokw.ch\/de\/success-story\/ferkelnester\/#primaryimage"},"image":{"@id":"https:\/\/www.prokw.ch\/de\/success-story\/ferkelnester\/#primaryimage"},"thumbnailUrl":"https:\/\/www.prokw.ch\/wp-content\/uploads\/2023\/11\/nids-a-porcelets.png","datePublished":"2022-04-28T07:00:48+00:00","dateModified":"2025-02-20T13:45:24+00:00","description":"Das Programm zur Unterst\u00fctzung von Ferkelnestern soll die Einrichtung von effizienten Nestern und Vorh\u00e4ngen in der Schweinehaltung f\u00f6rdern.","breadcrumb":{"@id":"https:\/\/www.prokw.ch\/de\/success-story\/ferkelnester\/#breadcrumb"},"inLanguage":"de","potentialAction":[{"@type":"ReadAction","target":["https:\/\/www.prokw.ch\/de\/success-story\/ferkelnester\/"]}]},{"@type":"ImageObject","inLanguage":"de","@id":"https:\/\/www.prokw.ch\/de\/success-story\/ferkelnester\/#primaryimage","url":"https:\/\/www.prokw.ch\/wp-content\/uploads\/2023\/11\/nids-a-porcelets.png","contentUrl":"https:\/\/www.prokw.ch\/wp-content\/uploads\/2023\/11\/nids-a-porcelets.png","width":722,"height":481,"caption":"nids \u00e0 porcelets"},{"@type":"BreadcrumbList","@id":"https:\/\/www.prokw.ch\/de\/success-story\/ferkelnester\/#breadcrumb","itemListElement":[{"@type":"ListItem","position":1,"name":"Accueil","item":"https:\/\/www.prokw.ch\/de\/"},{"@type":"ListItem","position":2,"name":"Ferkelnester"}]},{"@type":"WebSite","@id":"https:\/\/prokw.ismystar.ch\/#website","url":"https:\/\/prokw.ismystar.ch\/","name":"ProKilowatt","description":"","publisher":{"@id":"https:\/\/prokw.ismystar.ch\/#organization"},"potentialAction":[{"@type":"SearchAction","target":{"@type":"EntryPoint","urlTemplate":"https:\/\/prokw.ismystar.ch\/?s={search_term_string}"},"query-input":{"@type":"PropertyValueSpecification","valueRequired":true,"valueName":"search_term_string"}}],"inLanguage":"de"},{"@type":"Organization","@id":"https:\/\/prokw.ismystar.ch\/#organization","name":"ProKilowatt","url":"https:\/\/prokw.ismystar.ch\/","logo":{"@type":"ImageObject","inLanguage":"de","@id":"https:\/\/prokw.ismystar.ch\/#\/schema\/logo\/image\/","url":"https:\/\/www.prokw.ch\/wp-content\/uploads\/2023\/11\/prokw-logo.png","contentUrl":"https:\/\/www.prokw.ch\/wp-content\/uploads\/2023\/11\/prokw-logo.png","width":503,"height":121,"caption":"ProKilowatt"},"image":{"@id":"https:\/\/prokw.ismystar.ch\/#\/schema\/logo\/image\/"}}]}},"_links":{"self":[{"href":"https:\/\/www.prokw.ch\/de\/wp-json\/wp\/v2\/success-story\/3404","targetHints":{"allow":["GET"]}}],"collection":[{"href":"https:\/\/www.prokw.ch\/de\/wp-json\/wp\/v2\/success-story"}],"about":[{"href":"https:\/\/www.prokw.ch\/de\/wp-json\/wp\/v2\/types\/success-story"}],"author":[{"embeddable":true,"href":"https:\/\/www.prokw.ch\/de\/wp-json\/wp\/v2\/users\/1"}],"replies":[{"embeddable":true,"href":"https:\/\/www.prokw.ch\/de\/wp-json\/wp\/v2\/comments?post=3404"}],"version-history":[{"count":8,"href":"https:\/\/www.prokw.ch\/de\/wp-json\/wp\/v2\/success-story\/3404\/revisions"}],"predecessor-version":[{"id":5493,"href":"https:\/\/www.prokw.ch\/de\/wp-json\/wp\/v2\/success-story\/3404\/revisions\/5493"}],"wp:featuredmedia":[{"embeddable":true,"href":"https:\/\/www.prokw.ch\/de\/wp-json\/wp\/v2\/media\/421"}],"wp:attachment":[{"href":"https:\/\/www.prokw.ch\/de\/wp-json\/wp\/v2\/media?parent=3404"}],"wp:term":[{"taxonomy":"category","embeddable":true,"href":"https:\/\/www.prokw.ch\/de\/wp-json\/wp\/v2\/categories?post=3404"},{"taxonomy":"post_tag","embeddable":true,"href":"https:\/\/www.prokw.ch\/de\/wp-json\/wp\/v2\/tags?post=3404"}],"curies":[{"name":"wp","href":"https:\/\/api.w.org\/{rel}","templated":true}]}}