{"id":4865,"date":"2024-11-08T10:00:00","date_gmt":"2024-11-08T09:00:00","guid":{"rendered":"https:\/\/www.prokw.ch\/?p=4865"},"modified":"2025-02-10T13:16:29","modified_gmt":"2025-02-10T12:16:29","slug":"ausschreibung-2025-gestartet","status":"publish","type":"post","link":"https:\/\/www.prokw.ch\/de\/ausschreibung-2025-gestartet\/","title":{"rendered":"Ausschreibung 2025 gestartet"},"content":{"rendered":"\t\t<div data-elementor-type=\"wp-post\" data-elementor-id=\"4865\" class=\"elementor elementor-4865 elementor-4849\" data-elementor-post-type=\"post\">\n\t\t\t\t<div data-particle_enable=\"false\" data-particle-mobile-disabled=\"false\" class=\"elementor-element elementor-element-694b74aa e-flex e-con-boxed e-con e-parent\" data-id=\"694b74aa\" data-element_type=\"container\" data-e-type=\"container\">\n\t\t\t\t\t<div class=\"e-con-inner\">\n\t\t\t\t<div class=\"elementor-element elementor-element-67f7e93b elementor-widget elementor-widget-text-editor\" data-id=\"67f7e93b\" data-element_type=\"widget\" data-e-type=\"widget\" data-widget_type=\"text-editor.default\">\n\t\t\t\t<div class=\"elementor-widget-container\">\n\t\t\t\t\t\t\t\t\t<p>Seit dem 4. November 2024 k\u00f6nnen Antr\u00e4ge f\u00fcr Projekte und Programme eingereicht werden. <a href=\"https:\/\/www.prokw.ch\/de\/foerderbeitrag-erhalten#projekt\">Projektantr\u00e4ge<\/a> mit einem F\u00f6rderbeitrag bis maximal sechs Millionen Franken k\u00f6nnen zwischen dem 4. November 2024 und dem 2. November 2025 zu einem beliebigen Zeitpunkt eingereicht werden. <a href=\"https:\/\/www.prokw.ch\/de\/ein-programm-einreichen\/\">Die Eingabefrist f\u00fcr Programmgesuche l\u00e4uft bis am 25. April 2025.<\/a><\/p><p>Im Ausschreibungsjahr 2025 stehen insgesamt maximal 70 Millionen Franken f\u00fcr Projekte und Programme zur Verf\u00fcgung, davon maximal 20 Millionen Franken f\u00fcr Projekte mit F\u00f6rderbeitr\u00e4gen von mehr als zwei Millionen Franken. Teurere Stromsparprojekte werden dadurch wirtschaftlicher und k\u00f6nnen realisiert werden. Bei diesen teureren Projekten kann es sich um eine grosse Stromsparmassnahme in einem Unternehmen handeln (z.B. Energieoptimierung einer grossen Produktionsanlage) oder um mehrere gleichartige kleinere Stromsparmassnahmen, die zu einem Projekt geb\u00fcndelt werden (z.B. Energieoptimierung der Beleuchtungsanlagen an 10 verschiedenen Standorten eines Unternehmens). Die Antr\u00e4ge daf\u00fcr k\u00f6nnen neu wie f\u00fcr alle anderen Projekte zu einem beliebigen Zeitpunkt komplett webbasiert \u00fcbermittelt werden. Im Idealfall erhalten die Antragstellenden den F\u00f6rderentscheid bereits vier Wochen nach der Eingabe.<\/p>\t\t\t\t\t\t\t\t<\/div>\n\t\t\t\t<\/div>\n\t\t\t\t<div class=\"elementor-element elementor-element-068c16f elementor-widget elementor-widget-text-editor\" data-id=\"068c16f\" data-element_type=\"widget\" data-e-type=\"widget\" data-widget_type=\"text-editor.default\">\n\t\t\t\t<div class=\"elementor-widget-container\">\n\t\t\t\t\t\t\t\t\t<h2>Neue Programme 2024 f\u00f6rdern eine breite Palette von Stromsparmassnahmen<\/h2><p>In der Ausschreibung 2024 erhielten 7 der insgesamt 13 eingereichten Programmantr\u00e4ge eine F\u00f6rderzusage. Die 7 neu bewilligten Programme unterst\u00fctzen beispielsweise den Ersatz von gewerblichen Ger\u00e4ten durch effizientere Modelle in Gastronomiebetrieben oder die Optimierung von elektrischen Antrieben f\u00fcr Bergbahnen. Unter den 7 neuen Programmen ist zudem ein schweizweites Programm, welches die energetische Sanierung von Innenbeleuchtungsanlagen sowie Beleuchtungsanlagen von Arbeitspl\u00e4tzen im Freien unterst\u00fctzt. Wie bereits beim ersten nationalen Beleuchtungsprogramm, das vor zwei Jahren den Zuschlag erhalten hat, werden die neuen Beleuchtungsanlagen nur gef\u00f6rdert, wenn diese professionell in Betrieb genommen worden sind. Dadurch wird sichergestellt, dass die neu installierten Anlagen das Maximum an Stromeinsparungen erzielen. Insgesamt erhalten die 7 neuen Programme maximal 21 Millionen Franken an F\u00f6rdermitteln, wovon 10 Millionen Franken an das zweite nationale Beleuchtungsprogramms gehen.<\/p>\t\t\t\t\t\t\t\t<\/div>\n\t\t\t\t<\/div>\n\t\t\t\t<div class=\"elementor-element elementor-element-dc957da elementor-widget elementor-widget-text-editor\" data-id=\"dc957da\" data-element_type=\"widget\" data-e-type=\"widget\" data-widget_type=\"text-editor.default\">\n\t\t\t\t<div class=\"elementor-widget-container\">\n\t\t\t\t\t\t\t\t\t<p><em>Quelle: <\/em>Medienmitteilung <a href=\"https:\/\/www.bfe.admin.ch\/bfe\/de\/home\/foerderung\/energieeffizienz\/wettbewerbliche-ausschreibungen-prokilowatt.html\" target=\"_blank\" rel=\"noopener\">BFE<\/a><\/p>\t\t\t\t\t\t\t\t<\/div>\n\t\t\t\t<\/div>\n\t\t\t\t\t<\/div>\n\t\t\t\t<\/div>\n\t\t\t\t<\/div>\n\t\t","protected":false},"excerpt":{"rendered":"<p>Seit dem 4. November 2024 k\u00f6nnen im Rahmen der 16. Ausgabe der Wettbewerblichen Ausschreibungen (ProKilowatt) Programm- und Projektgesuche eingereicht werden. Insgesamt 70 Millionen Franken F\u00f6rdermittel stehen f\u00fcr Stromsparmassnahmen zur Verf\u00fcgung. Projekte mit h\u00f6heren Investitionskosten k\u00f6nnen ab jetzt F\u00f6rdermittel ganzj\u00e4hrig zu einem beliebigen Zeitpunkt beantragen.<\/p>\n","protected":false},"author":2,"featured_media":2566,"comment_status":"closed","ping_status":"closed","sticky":false,"template":"","format":"standard","meta":{"_acf_changed":false,"footnotes":""},"categories":[35],"tags":[48],"class_list":["post-4865","post","type-post","status-publish","format-standard","has-post-thumbnail","hentry","category-actualite","tag-communique-de-presse-de"],"acf":[],"yoast_head":"<!-- This site is optimized with the Yoast SEO plugin v27.0 - https:\/\/yoast.com\/product\/yoast-seo-wordpress\/ -->\n<title>Ausschreibung 2025 gestartet - ProKilowatt<\/title>\n<meta name=\"description\" content=\"Seit dem 4. November 2024 k\u00f6nnen im Rahmen der 16. Ausgabe der Wettbewerblichen Ausschreibungen Programm- und Projektgesuche eingereicht werden.\" \/>\n<meta name=\"robots\" content=\"index, follow, max-snippet:-1, max-image-preview:large, max-video-preview:-1\" \/>\n<link rel=\"canonical\" href=\"https:\/\/www.prokw.ch\/de\/ausschreibung-2025-gestartet\/\" \/>\n<meta property=\"og:locale\" content=\"de_DE\" \/>\n<meta property=\"og:type\" content=\"article\" \/>\n<meta property=\"og:title\" content=\"Ausschreibung 2025 gestartet\" \/>\n<meta property=\"og:description\" content=\"Seit dem 4. November 2024 k\u00f6nnen im Rahmen der 16. Ausgabe der Wettbewerblichen Ausschreibungen Programm- und Projektgesuche eingereicht werden.\" \/>\n<meta property=\"og:url\" content=\"https:\/\/www.prokw.ch\/de\/ausschreibung-2025-gestartet\/\" \/>\n<meta property=\"og:site_name\" content=\"ProKilowatt\" \/>\n<meta property=\"article:published_time\" content=\"2024-11-08T09:00:00+00:00\" \/>\n<meta property=\"article:modified_time\" content=\"2025-02-10T12:16:29+00:00\" \/>\n<meta property=\"og:image\" content=\"https:\/\/www.prokw.ch\/wp-content\/uploads\/2024\/02\/Nombre-record-de-projets-pour-les-appels-doffres-de-2023-scaled-e1718973898218.jpg\" \/>\n\t<meta property=\"og:image:width\" content=\"1439\" \/>\n\t<meta property=\"og:image:height\" content=\"1208\" \/>\n\t<meta property=\"og:image:type\" content=\"image\/jpeg\" \/>\n<meta name=\"author\" content=\"Lilia Carril\" \/>\n<meta name=\"twitter:card\" content=\"summary_large_image\" \/>\n<meta name=\"twitter:title\" content=\"Ausschreibung 2025 gestartet\" \/>\n<meta name=\"twitter:description\" content=\"Seit dem 4. November 2024 k\u00f6nnen im Rahmen der 16. Ausgabe der Wettbewerblichen Ausschreibungen Programm- und Projektgesuche eingereicht werden.\" \/>\n<meta name=\"twitter:image\" content=\"https:\/\/www.prokw.ch\/wp-content\/uploads\/2024\/02\/Nombre-record-de-projets-pour-les-appels-doffres-de-2023-scaled-e1718973898218.jpg\" \/>\n<meta name=\"twitter:label1\" content=\"Verfasst von\" \/>\n\t<meta name=\"twitter:data1\" content=\"Lilia Carril\" \/>\n\t<meta name=\"twitter:label2\" content=\"Gesch\u00e4tzte Lesezeit\" \/>\n\t<meta name=\"twitter:data2\" content=\"2\u00a0Minuten\" \/>\n<script type=\"application\/ld+json\" class=\"yoast-schema-graph\">{\"@context\":\"https:\/\/schema.org\",\"@graph\":[{\"@type\":\"Article\",\"@id\":\"https:\/\/www.prokw.ch\/de\/ausschreibung-2025-gestartet\/#article\",\"isPartOf\":{\"@id\":\"https:\/\/www.prokw.ch\/de\/ausschreibung-2025-gestartet\/\"},\"author\":{\"name\":\"Lilia Carril\",\"@id\":\"https:\/\/prokw.ismystar.ch\/#\/schema\/person\/3160533c9bb2e95a68ec33ac728bffb3\"},\"headline\":\"Ausschreibung 2025 gestartet\",\"datePublished\":\"2024-11-08T09:00:00+00:00\",\"dateModified\":\"2025-02-10T12:16:29+00:00\",\"mainEntityOfPage\":{\"@id\":\"https:\/\/www.prokw.ch\/de\/ausschreibung-2025-gestartet\/\"},\"wordCount\":310,\"publisher\":{\"@id\":\"https:\/\/prokw.ismystar.ch\/#organization\"},\"image\":{\"@id\":\"https:\/\/www.prokw.ch\/de\/ausschreibung-2025-gestartet\/#primaryimage\"},\"thumbnailUrl\":\"https:\/\/www.prokw.ch\/wp-content\/uploads\/2024\/02\/Nombre-record-de-projets-pour-les-appels-doffres-de-2023-scaled-e1718973898218.jpg\",\"keywords\":[\"communiqu\u00e9 de presse\"],\"articleSection\":[\"Actualit\u00e9\"],\"inLanguage\":\"de\"},{\"@type\":\"WebPage\",\"@id\":\"https:\/\/www.prokw.ch\/de\/ausschreibung-2025-gestartet\/\",\"url\":\"https:\/\/www.prokw.ch\/de\/ausschreibung-2025-gestartet\/\",\"name\":\"Ausschreibung 2025 gestartet - ProKilowatt\",\"isPartOf\":{\"@id\":\"https:\/\/prokw.ismystar.ch\/#website\"},\"primaryImageOfPage\":{\"@id\":\"https:\/\/www.prokw.ch\/de\/ausschreibung-2025-gestartet\/#primaryimage\"},\"image\":{\"@id\":\"https:\/\/www.prokw.ch\/de\/ausschreibung-2025-gestartet\/#primaryimage\"},\"thumbnailUrl\":\"https:\/\/www.prokw.ch\/wp-content\/uploads\/2024\/02\/Nombre-record-de-projets-pour-les-appels-doffres-de-2023-scaled-e1718973898218.jpg\",\"datePublished\":\"2024-11-08T09:00:00+00:00\",\"dateModified\":\"2025-02-10T12:16:29+00:00\",\"description\":\"Seit dem 4. November 2024 k\u00f6nnen im Rahmen der 16. Ausgabe der Wettbewerblichen Ausschreibungen Programm- und Projektgesuche eingereicht werden.\",\"breadcrumb\":{\"@id\":\"https:\/\/www.prokw.ch\/de\/ausschreibung-2025-gestartet\/#breadcrumb\"},\"inLanguage\":\"de\",\"potentialAction\":[{\"@type\":\"ReadAction\",\"target\":[\"https:\/\/www.prokw.ch\/de\/ausschreibung-2025-gestartet\/\"]}]},{\"@type\":\"ImageObject\",\"inLanguage\":\"de\",\"@id\":\"https:\/\/www.prokw.ch\/de\/ausschreibung-2025-gestartet\/#primaryimage\",\"url\":\"https:\/\/www.prokw.ch\/wp-content\/uploads\/2024\/02\/Nombre-record-de-projets-pour-les-appels-doffres-de-2023-scaled-e1718973898218.jpg\",\"contentUrl\":\"https:\/\/www.prokw.ch\/wp-content\/uploads\/2024\/02\/Nombre-record-de-projets-pour-les-appels-doffres-de-2023-scaled-e1718973898218.jpg\",\"width\":2560,\"height\":1709,\"caption\":\"Nombre record de projets pour les appels d'offres de 2023\"},{\"@type\":\"BreadcrumbList\",\"@id\":\"https:\/\/www.prokw.ch\/de\/ausschreibung-2025-gestartet\/#breadcrumb\",\"itemListElement\":[{\"@type\":\"ListItem\",\"position\":1,\"name\":\"Accueil\",\"item\":\"https:\/\/www.prokw.ch\/de\/\"},{\"@type\":\"ListItem\",\"position\":2,\"name\":\"Ausschreibung 2025 gestartet\"}]},{\"@type\":\"WebSite\",\"@id\":\"https:\/\/prokw.ismystar.ch\/#website\",\"url\":\"https:\/\/prokw.ismystar.ch\/\",\"name\":\"ProKilowatt\",\"description\":\"\",\"publisher\":{\"@id\":\"https:\/\/prokw.ismystar.ch\/#organization\"},\"potentialAction\":[{\"@type\":\"SearchAction\",\"target\":{\"@type\":\"EntryPoint\",\"urlTemplate\":\"https:\/\/prokw.ismystar.ch\/?s={search_term_string}\"},\"query-input\":{\"@type\":\"PropertyValueSpecification\",\"valueRequired\":true,\"valueName\":\"search_term_string\"}}],\"inLanguage\":\"de\"},{\"@type\":\"Organization\",\"@id\":\"https:\/\/prokw.ismystar.ch\/#organization\",\"name\":\"ProKilowatt\",\"url\":\"https:\/\/prokw.ismystar.ch\/\",\"logo\":{\"@type\":\"ImageObject\",\"inLanguage\":\"de\",\"@id\":\"https:\/\/prokw.ismystar.ch\/#\/schema\/logo\/image\/\",\"url\":\"https:\/\/www.prokw.ch\/wp-content\/uploads\/2023\/11\/prokw-logo.png\",\"contentUrl\":\"https:\/\/www.prokw.ch\/wp-content\/uploads\/2023\/11\/prokw-logo.png\",\"width\":503,\"height\":121,\"caption\":\"ProKilowatt\"},\"image\":{\"@id\":\"https:\/\/prokw.ismystar.ch\/#\/schema\/logo\/image\/\"}},{\"@type\":\"Person\",\"@id\":\"https:\/\/prokw.ismystar.ch\/#\/schema\/person\/3160533c9bb2e95a68ec33ac728bffb3\",\"name\":\"Lilia Carril\",\"image\":{\"@type\":\"ImageObject\",\"inLanguage\":\"de\",\"@id\":\"https:\/\/prokw.ismystar.ch\/#\/schema\/person\/image\/\",\"url\":\"https:\/\/secure.gravatar.com\/avatar\/d855cf76e6a683cccfa53adb6fb3b29c37c50a7b19e1bd9a23b05d9885c26156?s=96&d=mm&r=g\",\"contentUrl\":\"https:\/\/secure.gravatar.com\/avatar\/d855cf76e6a683cccfa53adb6fb3b29c37c50a7b19e1bd9a23b05d9885c26156?s=96&d=mm&r=g\",\"caption\":\"Lilia Carril\"},\"url\":\"https:\/\/www.prokw.ch\/de\/author\/lilia-carrilcimark-ch\/\"}]}<\/script>\n<!-- \/ Yoast SEO plugin. -->","yoast_head_json":{"title":"Ausschreibung 2025 gestartet - ProKilowatt","description":"Seit dem 4. November 2024 k\u00f6nnen im Rahmen der 16. Ausgabe der Wettbewerblichen Ausschreibungen Programm- und Projektgesuche eingereicht werden.","robots":{"index":"index","follow":"follow","max-snippet":"max-snippet:-1","max-image-preview":"max-image-preview:large","max-video-preview":"max-video-preview:-1"},"canonical":"https:\/\/www.prokw.ch\/de\/ausschreibung-2025-gestartet\/","og_locale":"de_DE","og_type":"article","og_title":"Ausschreibung 2025 gestartet","og_description":"Seit dem 4. November 2024 k\u00f6nnen im Rahmen der 16. Ausgabe der Wettbewerblichen Ausschreibungen Programm- und Projektgesuche eingereicht werden.","og_url":"https:\/\/www.prokw.ch\/de\/ausschreibung-2025-gestartet\/","og_site_name":"ProKilowatt","article_published_time":"2024-11-08T09:00:00+00:00","article_modified_time":"2025-02-10T12:16:29+00:00","og_image":[{"width":1439,"height":1208,"url":"https:\/\/www.prokw.ch\/wp-content\/uploads\/2024\/02\/Nombre-record-de-projets-pour-les-appels-doffres-de-2023-scaled-e1718973898218.jpg","type":"image\/jpeg"}],"author":"Lilia Carril","twitter_card":"summary_large_image","twitter_title":"Ausschreibung 2025 gestartet","twitter_description":"Seit dem 4. November 2024 k\u00f6nnen im Rahmen der 16. Ausgabe der Wettbewerblichen Ausschreibungen Programm- und Projektgesuche eingereicht werden.","twitter_image":"https:\/\/www.prokw.ch\/wp-content\/uploads\/2024\/02\/Nombre-record-de-projets-pour-les-appels-doffres-de-2023-scaled-e1718973898218.jpg","twitter_misc":{"Verfasst von":"Lilia Carril","Gesch\u00e4tzte Lesezeit":"2\u00a0Minuten"},"schema":{"@context":"https:\/\/schema.org","@graph":[{"@type":"Article","@id":"https:\/\/www.prokw.ch\/de\/ausschreibung-2025-gestartet\/#article","isPartOf":{"@id":"https:\/\/www.prokw.ch\/de\/ausschreibung-2025-gestartet\/"},"author":{"name":"Lilia Carril","@id":"https:\/\/prokw.ismystar.ch\/#\/schema\/person\/3160533c9bb2e95a68ec33ac728bffb3"},"headline":"Ausschreibung 2025 gestartet","datePublished":"2024-11-08T09:00:00+00:00","dateModified":"2025-02-10T12:16:29+00:00","mainEntityOfPage":{"@id":"https:\/\/www.prokw.ch\/de\/ausschreibung-2025-gestartet\/"},"wordCount":310,"publisher":{"@id":"https:\/\/prokw.ismystar.ch\/#organization"},"image":{"@id":"https:\/\/www.prokw.ch\/de\/ausschreibung-2025-gestartet\/#primaryimage"},"thumbnailUrl":"https:\/\/www.prokw.ch\/wp-content\/uploads\/2024\/02\/Nombre-record-de-projets-pour-les-appels-doffres-de-2023-scaled-e1718973898218.jpg","keywords":["communiqu\u00e9 de presse"],"articleSection":["Actualit\u00e9"],"inLanguage":"de"},{"@type":"WebPage","@id":"https:\/\/www.prokw.ch\/de\/ausschreibung-2025-gestartet\/","url":"https:\/\/www.prokw.ch\/de\/ausschreibung-2025-gestartet\/","name":"Ausschreibung 2025 gestartet - ProKilowatt","isPartOf":{"@id":"https:\/\/prokw.ismystar.ch\/#website"},"primaryImageOfPage":{"@id":"https:\/\/www.prokw.ch\/de\/ausschreibung-2025-gestartet\/#primaryimage"},"image":{"@id":"https:\/\/www.prokw.ch\/de\/ausschreibung-2025-gestartet\/#primaryimage"},"thumbnailUrl":"https:\/\/www.prokw.ch\/wp-content\/uploads\/2024\/02\/Nombre-record-de-projets-pour-les-appels-doffres-de-2023-scaled-e1718973898218.jpg","datePublished":"2024-11-08T09:00:00+00:00","dateModified":"2025-02-10T12:16:29+00:00","description":"Seit dem 4. November 2024 k\u00f6nnen im Rahmen der 16. Ausgabe der Wettbewerblichen Ausschreibungen Programm- und Projektgesuche eingereicht werden.","breadcrumb":{"@id":"https:\/\/www.prokw.ch\/de\/ausschreibung-2025-gestartet\/#breadcrumb"},"inLanguage":"de","potentialAction":[{"@type":"ReadAction","target":["https:\/\/www.prokw.ch\/de\/ausschreibung-2025-gestartet\/"]}]},{"@type":"ImageObject","inLanguage":"de","@id":"https:\/\/www.prokw.ch\/de\/ausschreibung-2025-gestartet\/#primaryimage","url":"https:\/\/www.prokw.ch\/wp-content\/uploads\/2024\/02\/Nombre-record-de-projets-pour-les-appels-doffres-de-2023-scaled-e1718973898218.jpg","contentUrl":"https:\/\/www.prokw.ch\/wp-content\/uploads\/2024\/02\/Nombre-record-de-projets-pour-les-appels-doffres-de-2023-scaled-e1718973898218.jpg","width":2560,"height":1709,"caption":"Nombre record de projets pour les appels d'offres de 2023"},{"@type":"BreadcrumbList","@id":"https:\/\/www.prokw.ch\/de\/ausschreibung-2025-gestartet\/#breadcrumb","itemListElement":[{"@type":"ListItem","position":1,"name":"Accueil","item":"https:\/\/www.prokw.ch\/de\/"},{"@type":"ListItem","position":2,"name":"Ausschreibung 2025 gestartet"}]},{"@type":"WebSite","@id":"https:\/\/prokw.ismystar.ch\/#website","url":"https:\/\/prokw.ismystar.ch\/","name":"ProKilowatt","description":"","publisher":{"@id":"https:\/\/prokw.ismystar.ch\/#organization"},"potentialAction":[{"@type":"SearchAction","target":{"@type":"EntryPoint","urlTemplate":"https:\/\/prokw.ismystar.ch\/?s={search_term_string}"},"query-input":{"@type":"PropertyValueSpecification","valueRequired":true,"valueName":"search_term_string"}}],"inLanguage":"de"},{"@type":"Organization","@id":"https:\/\/prokw.ismystar.ch\/#organization","name":"ProKilowatt","url":"https:\/\/prokw.ismystar.ch\/","logo":{"@type":"ImageObject","inLanguage":"de","@id":"https:\/\/prokw.ismystar.ch\/#\/schema\/logo\/image\/","url":"https:\/\/www.prokw.ch\/wp-content\/uploads\/2023\/11\/prokw-logo.png","contentUrl":"https:\/\/www.prokw.ch\/wp-content\/uploads\/2023\/11\/prokw-logo.png","width":503,"height":121,"caption":"ProKilowatt"},"image":{"@id":"https:\/\/prokw.ismystar.ch\/#\/schema\/logo\/image\/"}},{"@type":"Person","@id":"https:\/\/prokw.ismystar.ch\/#\/schema\/person\/3160533c9bb2e95a68ec33ac728bffb3","name":"Lilia Carril","image":{"@type":"ImageObject","inLanguage":"de","@id":"https:\/\/prokw.ismystar.ch\/#\/schema\/person\/image\/","url":"https:\/\/secure.gravatar.com\/avatar\/d855cf76e6a683cccfa53adb6fb3b29c37c50a7b19e1bd9a23b05d9885c26156?s=96&d=mm&r=g","contentUrl":"https:\/\/secure.gravatar.com\/avatar\/d855cf76e6a683cccfa53adb6fb3b29c37c50a7b19e1bd9a23b05d9885c26156?s=96&d=mm&r=g","caption":"Lilia Carril"},"url":"https:\/\/www.prokw.ch\/de\/author\/lilia-carrilcimark-ch\/"}]}},"_links":{"self":[{"href":"https:\/\/www.prokw.ch\/de\/wp-json\/wp\/v2\/posts\/4865","targetHints":{"allow":["GET"]}}],"collection":[{"href":"https:\/\/www.prokw.ch\/de\/wp-json\/wp\/v2\/posts"}],"about":[{"href":"https:\/\/www.prokw.ch\/de\/wp-json\/wp\/v2\/types\/post"}],"author":[{"embeddable":true,"href":"https:\/\/www.prokw.ch\/de\/wp-json\/wp\/v2\/users\/2"}],"replies":[{"embeddable":true,"href":"https:\/\/www.prokw.ch\/de\/wp-json\/wp\/v2\/comments?post=4865"}],"version-history":[{"count":17,"href":"https:\/\/www.prokw.ch\/de\/wp-json\/wp\/v2\/posts\/4865\/revisions"}],"predecessor-version":[{"id":5412,"href":"https:\/\/www.prokw.ch\/de\/wp-json\/wp\/v2\/posts\/4865\/revisions\/5412"}],"wp:featuredmedia":[{"embeddable":true,"href":"https:\/\/www.prokw.ch\/de\/wp-json\/wp\/v2\/media\/2566"}],"wp:attachment":[{"href":"https:\/\/www.prokw.ch\/de\/wp-json\/wp\/v2\/media?parent=4865"}],"wp:term":[{"taxonomy":"category","embeddable":true,"href":"https:\/\/www.prokw.ch\/de\/wp-json\/wp\/v2\/categories?post=4865"},{"taxonomy":"post_tag","embeddable":true,"href":"https:\/\/www.prokw.ch\/de\/wp-json\/wp\/v2\/tags?post=4865"}],"curies":[{"name":"wp","href":"https:\/\/api.w.org\/{rel}","templated":true}]}}